{"id":17160,"date":"2025-08-20T20:41:27","date_gmt":"2025-08-20T23:41:27","guid":{"rendered":"https:\/\/www.noticiasmas.com.ar\/?p=17160"},"modified":"2025-08-20T20:41:29","modified_gmt":"2025-08-20T23:41:29","slug":"mayoria-contra-las-mayorias-la-constituyente-y-la-caja-de-jubilaciones","status":"publish","type":"post","link":"https:\/\/www.noticiasmas.com.ar\/index.php\/2025\/08\/20\/mayoria-contra-las-mayorias-la-constituyente-y-la-caja-de-jubilaciones\/","title":{"rendered":"Mayor\u00eda contra las mayor\u00edas: la Constituyente y la Caja de Jubilaciones"},"content":{"rendered":"\n<p>Pese a que el texto de la ley de necesidad de reforma parcial de la Constituci\u00f3n de Santa Fe imprim\u00eda criterios claros sobre c\u00f3mo deb\u00eda abordarse, el gobernador Maximiliano Pullaro aplic\u00f3 su mayor\u00eda autom\u00e1tica para ir contra la intransferibilidad y otras definiciones en torno al sistema previsional.<br><\/p>\n\n\n\n<p>La Ley N\u00ba 14384 sancionada en diciembre del a\u00f1o pasado, tra\u00eda una propuesta sobre la Caja de Jubilaciones y Pensiones de los trabajadores y trabajadoras del Estado: la intransferibilidad de la misma. Siendo ATE Rosario cr\u00edtica del proceso y motivaciones, apostamos a reunirnos con las y los constituyentes planteando claras propuestas.<\/p>\n\n\n\n<p><br>Sin embargo, el dictamen de ayer va en el sentido opuesto por la ley de necesidad, principalmente, en inter\u00e9s de las y los propios afectados. Definiciones vagas como administraci\u00f3n a cargo de un &#8220;\u00f3rgano espec\u00edfico&#8221; y del financiamiento del sistema por un &#8220;mecanismo indelegable&#8221;, en lugar del concepto \u201cintransferibilidad\u201d y que no aparezca el concepto &#8220;estatal&#8221;, es realmente preocupante.<\/p>\n\n\n\n<p><br>Las y los estatales presentamos formulaciones del texto constitucional para la reforma y exigimos una definici\u00f3n pol\u00edtica en protecci\u00f3n de nuestros aportes. La formulaci\u00f3n impuesta es un nuevo ataque a los derechos jubilatorios y previsionales de cientos de miles de santafesinos y santafesinas. El riesgo estructural es enorme.<\/p>\n\n\n\n<p>\u00a1La Caja de Jubilaciones NO SE TOCA!, expresaron desde ATE Rosario.<\/p>\n","protected":false},"excerpt":{"rendered":"<p>Pese a que el texto de la ley de necesidad de reforma parcial de la Constituci\u00f3n de Santa Fe imprim\u00eda criterios claros sobre c\u00f3mo deb\u00eda abordarse, el gobernador Maximiliano Pullaro aplic\u00f3 su mayor\u00eda autom\u00e1tica para ir contra la intransferibilidad y otras definiciones en torno al sistema previsional. La Ley N\u00ba 14384 sancionada en diciembre del [&hellip;]<\/p>\n","protected":false},"author":5,"featured_media":17161,"comment_status":"closed","ping_status":"open","sticky":false,"template":"","format":"standard","meta":{"tdm_status":"","tdm_grid_status":"","footnotes":""},"categories":[14],"tags":[897,5133,2988,5134,163],"class_list":{"0":"post-17160","1":"post","2":"type-post","3":"status-publish","4":"format-standard","5":"has-post-thumbnail","7":"category-provinciales","8":"tag-ate","9":"tag-caja-jubilaciones","10":"tag-convencion-constituyente","11":"tag-intransferibilidad","12":"tag-rosario"},"_links":{"self":[{"href":"https:\/\/www.noticiasmas.com.ar\/index.php\/wp-json\/wp\/v2\/posts\/17160","targetHints":{"allow":["GET"]}}],"collection":[{"href":"https:\/\/www.noticiasmas.com.ar\/index.php\/wp-json\/wp\/v2\/posts"}],"about":[{"href":"https:\/\/www.noticiasmas.com.ar\/index.php\/wp-json\/wp\/v2\/types\/post"}],"author":[{"embeddable":true,"href":"https:\/\/www.noticiasmas.com.ar\/index.php\/wp-json\/wp\/v2\/users\/5"}],"replies":[{"embeddable":true,"href":"https:\/\/www.noticiasmas.com.ar\/index.php\/wp-json\/wp\/v2\/comments?post=17160"}],"version-history":[{"count":1,"href":"https:\/\/www.noticiasmas.com.ar\/index.php\/wp-json\/wp\/v2\/posts\/17160\/revisions"}],"predecessor-version":[{"id":17162,"href":"https:\/\/www.noticiasmas.com.ar\/index.php\/wp-json\/wp\/v2\/posts\/17160\/revisions\/17162"}],"wp:featuredmedia":[{"embeddable":true,"href":"https:\/\/www.noticiasmas.com.ar\/index.php\/wp-json\/wp\/v2\/media\/17161"}],"wp:attachment":[{"href":"https:\/\/www.noticiasmas.com.ar\/index.php\/wp-json\/wp\/v2\/media?parent=17160"}],"wp:term":[{"taxonomy":"category","embeddable":true,"href":"https:\/\/www.noticiasmas.com.ar\/index.php\/wp-json\/wp\/v2\/categories?post=17160"},{"taxonomy":"post_tag","embeddable":true,"href":"https:\/\/www.noticiasmas.com.ar\/index.php\/wp-json\/wp\/v2\/tags?post=17160"}],"curies":[{"name":"wp","href":"https:\/\/api.w.org\/{rel}","templated":true}]}}