{"id":17208,"date":"2025-08-22T18:15:14","date_gmt":"2025-08-22T21:15:14","guid":{"rendered":"https:\/\/www.noticiasmas.com.ar\/?p=17208"},"modified":"2025-08-22T18:15:17","modified_gmt":"2025-08-22T21:15:17","slug":"maritimos-celebraron-es-el-rechazo-absoluto-a-la-entrega-de-la-soberania","status":"publish","type":"post","link":"https:\/\/www.noticiasmas.com.ar\/index.php\/2025\/08\/22\/maritimos-celebraron-es-el-rechazo-absoluto-a-la-entrega-de-la-soberania\/","title":{"rendered":"MAR\u00cdTIMOS CELEBRARON: \u201cES EL RECHAZO ABSOLUTO A LA ENTREGA DE LA SOBERAN\u00cdA\u201d"},"content":{"rendered":"\n<p>En una votaci\u00f3n hist\u00f3rica, el Senado de la Naci\u00f3n rechaz\u00f3 este jueves el Decreto de Necesidad y Urgencia 340\/25, tambi\u00e9n denominado \u201cR\u00e9gimen de exenci\u00f3n de la Marina Mercante\u201d. Con 55 votos negativos, 13 afirmativos y una abstenci\u00f3n, el decreto presidencial qued\u00f3 sin efecto, al recibir el rechazo de ambas c\u00e1maras legislativas.<\/p>\n\n\n\n<p>El resultado representa una victoria contundente para los trabajadores del sector fluvial, mar\u00edtimo y pesquero, quienes desde el primer d\u00eda se movilizaron en defensa de la soberan\u00eda nacional, el trabajo argentino y los derechos laborales conquistados.<\/p>\n\n\n\n<p>\u201cPrimero quiero agradecer a cada compa\u00f1ero y compa\u00f1era que estuvo presente en la calle, en cada lucha y cada movilizaci\u00f3n acompa\u00f1ando a los dirigentes en este justo reclamo y en defensa del trabajo argentino\u201d, expres\u00f3 el Capit\u00e1n Mariano Moreno, secretario general del Centro de Patrones y Oficiales Fluviales, de Pesca y de Cabotaje Mar\u00edtimo, apenas conocida la votaci\u00f3n.<\/p>\n\n\n\n<p>\u201cEste rechazo absoluto a la entrega de la soberan\u00eda de las aguas nacionales, de los derechos laborales y la apertura a banderas extranjeras genera una gran esperanza para la Marina Mercante\u201d, resalt\u00f3 el dirigente, y agreg\u00f3: \u201cHemos luchado desde el primer d\u00eda para llegar a este resultado y sostener el trabajo argentino. Ahora, sin perder tiempo, volveremos al Congreso a trabajar con los legisladores en los proyectos presentados por los trabajadores para fomentar la Marina Mercante\u201d.<\/p>\n\n\n\n<p>Para el Capit\u00e1n, la uni\u00f3n de los trabajadores a trav\u00e9s de las organizaciones gremiales y sus federaciones triunfaron por la \u201ccoherencia, la perseverancia en los reclamos y el compromiso en la calle para defender el trabajo, la Marina Mercante y la Industria Naval\u201d.<\/p>\n","protected":false},"excerpt":{"rendered":"<p>En una votaci\u00f3n hist\u00f3rica, el Senado de la Naci\u00f3n rechaz\u00f3 este jueves el Decreto de Necesidad y Urgencia 340\/25, tambi\u00e9n denominado \u201cR\u00e9gimen de exenci\u00f3n de la Marina Mercante\u201d. Con 55 votos negativos, 13 afirmativos y una abstenci\u00f3n, el decreto presidencial qued\u00f3 sin efecto, al recibir el rechazo de ambas c\u00e1maras legislativas. El resultado representa una [&hellip;]<\/p>\n","protected":false},"author":5,"featured_media":17209,"comment_status":"closed","ping_status":"open","sticky":false,"template":"","format":"standard","meta":{"tdm_status":"","tdm_grid_status":"","footnotes":""},"categories":[1],"tags":[324,4308,5018,5147],"class_list":{"0":"post-17208","1":"post","2":"type-post","3":"status-publish","4":"format-standard","5":"has-post-thumbnail","7":"category-nacionales","8":"tag-argentina","9":"tag-marina-mercante","10":"tag-rechazo-dnu-340-2025","11":"tag-soberania"},"_links":{"self":[{"href":"https:\/\/www.noticiasmas.com.ar\/index.php\/wp-json\/wp\/v2\/posts\/17208","targetHints":{"allow":["GET"]}}],"collection":[{"href":"https:\/\/www.noticiasmas.com.ar\/index.php\/wp-json\/wp\/v2\/posts"}],"about":[{"href":"https:\/\/www.noticiasmas.com.ar\/index.php\/wp-json\/wp\/v2\/types\/post"}],"author":[{"embeddable":true,"href":"https:\/\/www.noticiasmas.com.ar\/index.php\/wp-json\/wp\/v2\/users\/5"}],"replies":[{"embeddable":true,"href":"https:\/\/www.noticiasmas.com.ar\/index.php\/wp-json\/wp\/v2\/comments?post=17208"}],"version-history":[{"count":1,"href":"https:\/\/www.noticiasmas.com.ar\/index.php\/wp-json\/wp\/v2\/posts\/17208\/revisions"}],"predecessor-version":[{"id":17210,"href":"https:\/\/www.noticiasmas.com.ar\/index.php\/wp-json\/wp\/v2\/posts\/17208\/revisions\/17210"}],"wp:featuredmedia":[{"embeddable":true,"href":"https:\/\/www.noticiasmas.com.ar\/index.php\/wp-json\/wp\/v2\/media\/17209"}],"wp:attachment":[{"href":"https:\/\/www.noticiasmas.com.ar\/index.php\/wp-json\/wp\/v2\/media?parent=17208"}],"wp:term":[{"taxonomy":"category","embeddable":true,"href":"https:\/\/www.noticiasmas.com.ar\/index.php\/wp-json\/wp\/v2\/categories?post=17208"},{"taxonomy":"post_tag","embeddable":true,"href":"https:\/\/www.noticiasmas.com.ar\/index.php\/wp-json\/wp\/v2\/tags?post=17208"}],"curies":[{"name":"wp","href":"https:\/\/api.w.org\/{rel}","templated":true}]}}