{"id":17226,"date":"2025-08-25T09:49:44","date_gmt":"2025-08-25T12:49:44","guid":{"rendered":"https:\/\/www.noticiasmas.com.ar\/?p=17226"},"modified":"2025-08-25T09:49:47","modified_gmt":"2025-08-25T12:49:47","slug":"7-de-cada-10-argentinos-cree-que-las-cifras-del-indec-no-reflejan-la-realidad","status":"publish","type":"post","link":"https:\/\/www.noticiasmas.com.ar\/index.php\/2025\/08\/25\/7-de-cada-10-argentinos-cree-que-las-cifras-del-indec-no-reflejan-la-realidad\/","title":{"rendered":"7 de cada 10 argentinos cree que las cifras del INDEC no reflejan la realidad"},"content":{"rendered":"\n<p>Una nueva encuesta nacional expuso el alto nivel de desconfianza que existe en la poblaci\u00f3n hacia los datos oficiales de inflaci\u00f3n. De acuerdo con un relevamiento de la consultora Zentrix, casi siete de cada diez argentinos consideran que las cifras difundidas por el INDEC no reflejan con precisi\u00f3n la variaci\u00f3n real del costo de vida. <\/p>\n\n\n\n<p>En concreto, el estudio se\u00f1ala que el 67,4% de los encuestados desconf\u00eda de las estad\u00edsticas oficiales, mientras que solo un 29,9% manifiesta confianza en ellas.<\/p>\n\n\n\n<p>La investigaci\u00f3n revela que esta percepci\u00f3n est\u00e1 fuertemente condicionada por la identidad pol\u00edtica y que, m\u00e1s que una evaluaci\u00f3n t\u00e9cnica, la confianza o desconfianza en el organismo responde a la alineaci\u00f3n electoral de los consultados. As\u00ed, entre los votantes de Sergio Massa la desconfianza hacia el INDEC trepa al 94,4%, mientras que entre los electores de Javier Milei se reduce al 43,8%, con un 52,2% que asegura respaldar los n\u00fameros oficiales.<\/p>\n\n\n\n<p>Este escenario de polarizaci\u00f3n se da en un marco de malestar econ\u00f3mico extendido. Seg\u00fan la misma encuesta, el 64% de los argentinos considera que la situaci\u00f3n del pa\u00eds es negativa y m\u00e1s del 40% califica su situaci\u00f3n personal como mala o muy mala, un contexto que refuerza el escepticismo general respecto de los datos oficiales.<\/p>\n","protected":false},"excerpt":{"rendered":"<p>Una nueva encuesta nacional expuso el alto nivel de desconfianza que existe en la poblaci\u00f3n hacia los datos oficiales de inflaci\u00f3n. De acuerdo con un relevamiento de la consultora Zentrix, casi siete de cada diez argentinos consideran que las cifras difundidas por el INDEC no reflejan con precisi\u00f3n la variaci\u00f3n real del costo de vida. [&hellip;]<\/p>\n","protected":false},"author":9,"featured_media":17227,"comment_status":"closed","ping_status":"open","sticky":false,"template":"","format":"standard","meta":{"tdm_status":"","tdm_grid_status":"","footnotes":""},"categories":[1],"tags":[5158,322,331,1087],"class_list":{"0":"post-17226","1":"post","2":"type-post","3":"status-publish","4":"format-standard","5":"has-post-thumbnail","7":"category-nacionales","8":"tag-estadisitcas","9":"tag-indec","10":"tag-informes","11":"tag-ipc"},"_links":{"self":[{"href":"https:\/\/www.noticiasmas.com.ar\/index.php\/wp-json\/wp\/v2\/posts\/17226","targetHints":{"allow":["GET"]}}],"collection":[{"href":"https:\/\/www.noticiasmas.com.ar\/index.php\/wp-json\/wp\/v2\/posts"}],"about":[{"href":"https:\/\/www.noticiasmas.com.ar\/index.php\/wp-json\/wp\/v2\/types\/post"}],"author":[{"embeddable":true,"href":"https:\/\/www.noticiasmas.com.ar\/index.php\/wp-json\/wp\/v2\/users\/9"}],"replies":[{"embeddable":true,"href":"https:\/\/www.noticiasmas.com.ar\/index.php\/wp-json\/wp\/v2\/comments?post=17226"}],"version-history":[{"count":1,"href":"https:\/\/www.noticiasmas.com.ar\/index.php\/wp-json\/wp\/v2\/posts\/17226\/revisions"}],"predecessor-version":[{"id":17228,"href":"https:\/\/www.noticiasmas.com.ar\/index.php\/wp-json\/wp\/v2\/posts\/17226\/revisions\/17228"}],"wp:featuredmedia":[{"embeddable":true,"href":"https:\/\/www.noticiasmas.com.ar\/index.php\/wp-json\/wp\/v2\/media\/17227"}],"wp:attachment":[{"href":"https:\/\/www.noticiasmas.com.ar\/index.php\/wp-json\/wp\/v2\/media?parent=17226"}],"wp:term":[{"taxonomy":"category","embeddable":true,"href":"https:\/\/www.noticiasmas.com.ar\/index.php\/wp-json\/wp\/v2\/categories?post=17226"},{"taxonomy":"post_tag","embeddable":true,"href":"https:\/\/www.noticiasmas.com.ar\/index.php\/wp-json\/wp\/v2\/tags?post=17226"}],"curies":[{"name":"wp","href":"https:\/\/api.w.org\/{rel}","templated":true}]}}