{"id":17267,"date":"2025-08-27T09:30:40","date_gmt":"2025-08-27T12:30:40","guid":{"rendered":"https:\/\/www.noticiasmas.com.ar\/?p=17267"},"modified":"2025-08-27T09:30:43","modified_gmt":"2025-08-27T12:30:43","slug":"viene-la-tormenta-de-santa-rosa-se-espera-un-fuerte-cambio-de-clima-a-partir-del-viernes","status":"publish","type":"post","link":"https:\/\/www.noticiasmas.com.ar\/index.php\/2025\/08\/27\/viene-la-tormenta-de-santa-rosa-se-espera-un-fuerte-cambio-de-clima-a-partir-del-viernes\/","title":{"rendered":"Viene la Tormenta de Santa Rosa: Se espera un fuerte cambio de clima a partir del viernes"},"content":{"rendered":"\n<p>El Cord\u00f3n Industrial experimentar\u00e1 un brusco cambio de temperatura y condiciones clim\u00e1ticas a partir del pr\u00f3ximo viernes 29 de agosto en horas de la noche.<\/p>\n\n\n\n<p>Seg\u00fan el Centro de Monitoreo Meteorol\u00f3gico y Clim\u00e1tico, se espera un cambio brusco de las condiciones clim\u00e1ticas con \u201cinestabilidad que afectar\u00e1 a toda la regi\u00f3n con lluvias persistentes y tormentas, que ser\u00e1n m\u00e1s intensas en las zonas centro y sur\u201d.&nbsp;<\/p>\n\n\n\n<p>El informe de la instituci\u00f3n baigorriense se\u00f1ala que \u201cse esperan acumulados de precipitaciones superiores a los 100 mil\u00edmetros durante las jornadas del s\u00e1bado 30 y el domingo 31\u201d.\u00a0<\/p>\n\n\n\n<p>Las condiciones descriptas se equiparan a lo que se conoce, en esta \u00e9poca del a\u00f1o, como &#8220;Tormenta de Santa Rosa&#8221;, un fen\u00f3meno meteorol\u00f3gico que se da habitualmente a comienzos del mes de septiembre. <\/p>\n\n\n\n<p>\u201cDurante este per\u00edodo, las temperaturas aumentar\u00e1n y la humedad ser\u00e1 muy alta, lo que, junto a picos en los \u00edndices de inestabilidad, indica un ambiente muy favorable para la ocurrencia de tormentas fuertes\u201d agregaron.<\/p>\n\n\n\n<p>As\u00ed, la regi\u00f3n se avecina a adentrarse en un importante temporal. De igual modo, el CMMC indic\u00f3 que a partir del martes y el mi\u00e9rcoles las condiciones mejorar\u00e1n nuevamente y el sol terminar\u00e1 saliendo.<\/p>\n","protected":false},"excerpt":{"rendered":"<p>El Cord\u00f3n Industrial experimentar\u00e1 un brusco cambio de temperatura y condiciones clim\u00e1ticas a partir del pr\u00f3ximo viernes 29 de agosto en horas de la noche. Seg\u00fan el Centro de Monitoreo Meteorol\u00f3gico y Clim\u00e1tico, se espera un cambio brusco de las condiciones clim\u00e1ticas con \u201cinestabilidad que afectar\u00e1 a toda la regi\u00f3n con lluvias persistentes y tormentas, [&hellip;]<\/p>\n","protected":false},"author":9,"featured_media":17268,"comment_status":"closed","ping_status":"open","sticky":false,"template":"","format":"standard","meta":{"tdm_status":"","tdm_grid_status":"","footnotes":""},"categories":[13],"tags":[138,906,392,5166,1924],"class_list":{"0":"post-17267","1":"post","2":"type-post","3":"status-publish","4":"format-standard","5":"has-post-thumbnail","7":"category-region","8":"tag-clima","9":"tag-cmmc","10":"tag-lluvias","11":"tag-santa-rosa","12":"tag-tormenta"},"_links":{"self":[{"href":"https:\/\/www.noticiasmas.com.ar\/index.php\/wp-json\/wp\/v2\/posts\/17267","targetHints":{"allow":["GET"]}}],"collection":[{"href":"https:\/\/www.noticiasmas.com.ar\/index.php\/wp-json\/wp\/v2\/posts"}],"about":[{"href":"https:\/\/www.noticiasmas.com.ar\/index.php\/wp-json\/wp\/v2\/types\/post"}],"author":[{"embeddable":true,"href":"https:\/\/www.noticiasmas.com.ar\/index.php\/wp-json\/wp\/v2\/users\/9"}],"replies":[{"embeddable":true,"href":"https:\/\/www.noticiasmas.com.ar\/index.php\/wp-json\/wp\/v2\/comments?post=17267"}],"version-history":[{"count":1,"href":"https:\/\/www.noticiasmas.com.ar\/index.php\/wp-json\/wp\/v2\/posts\/17267\/revisions"}],"predecessor-version":[{"id":17269,"href":"https:\/\/www.noticiasmas.com.ar\/index.php\/wp-json\/wp\/v2\/posts\/17267\/revisions\/17269"}],"wp:featuredmedia":[{"embeddable":true,"href":"https:\/\/www.noticiasmas.com.ar\/index.php\/wp-json\/wp\/v2\/media\/17268"}],"wp:attachment":[{"href":"https:\/\/www.noticiasmas.com.ar\/index.php\/wp-json\/wp\/v2\/media?parent=17267"}],"wp:term":[{"taxonomy":"category","embeddable":true,"href":"https:\/\/www.noticiasmas.com.ar\/index.php\/wp-json\/wp\/v2\/categories?post=17267"},{"taxonomy":"post_tag","embeddable":true,"href":"https:\/\/www.noticiasmas.com.ar\/index.php\/wp-json\/wp\/v2\/tags?post=17267"}],"curies":[{"name":"wp","href":"https:\/\/api.w.org\/{rel}","templated":true}]}}