{"id":17281,"date":"2025-08-27T10:47:10","date_gmt":"2025-08-27T13:47:10","guid":{"rendered":"https:\/\/www.noticiasmas.com.ar\/?p=17281"},"modified":"2025-08-27T10:47:13","modified_gmt":"2025-08-27T13:47:13","slug":"fracaso-audiencia-de-este-martes-y-los-trabajadores-de-vasalli-en-asamblea-definiran-como-seguir-plan-de-lucha-junto-al-apoyo-de-la-uom","status":"publish","type":"post","link":"https:\/\/www.noticiasmas.com.ar\/index.php\/2025\/08\/27\/fracaso-audiencia-de-este-martes-y-los-trabajadores-de-vasalli-en-asamblea-definiran-como-seguir-plan-de-lucha-junto-al-apoyo-de-la-uom\/","title":{"rendered":"FRACAS\u00d3 AUDIENCIA DE ESTE MARTES Y LOS TRABAJADORES DE VASALLI EN ASAMBLEA DEFINIR\u00c1N C\u00d3MO SEGUIR PLAN DE LUCHA JUNTO AL APOYO DE LA UOM"},"content":{"rendered":"\n<p>Tras la audiencia llevada a cabo en la sede local del Ministerio de Trabajo Provincial se agrava el conflicto en torno a la falta de pago a sus cerca de 280 trabajadores en la empresa de Cosechadoras Vassalli ubicada en la localidad santafesina de Firmat<\/p>\n\n\n\n<p>Este Martes en la audiencia donde se present\u00f3 el gremio de la UOM de Firmat con su secretario general, Diego Romero y el letrado Pablo Cerra, la firma solo atin\u00f3 a enviar una carta firmada por la conocida abogada mar\u00eda Florencia Arietto donde se expone que hubo medidas gremiales \u201cindebidas\u201d, afirmaci\u00f3n desmentida por la UOM en la cartera laboral<\/p>\n\n\n\n<p>El abogado de la UOM Pablo Cerra dijo que, \u201choy la patronal no compareci\u00f3 a pesar de ayer haber confirmado su presencia a funcionarios del Ministerio de Trabajo quienes frente a manifestaci\u00f3n de trabajadores frente a la planta fueron a contatar que lo estaban haciendo conforme a derecho sin ning\u00fan tipo de alteraci\u00f3n del orden ni bloqueo lo cual est\u00e1 constatado en el acta del ministerio de trabajo\u201d, reiter\u00f3<\/p>\n\n\n\n<p>Por lo pronto, seg\u00fan la UOM la firma no paga salarios de julio, tampoco aguinaldo y mucho menos un \u00faltimo aumento acordado y \u201cya est\u00e1 terminado agosto lo que agrandar\u00eda la deuda\u201d, dijo Diego Romero, Secretario General de la UOM de Firmat<\/p>\n\n\n\n<p>En relaci\u00f3n a la audiencia de este martes Cerra agreg\u00f3 que \u201caparece una nota firmada por la doctora mar\u00eda Florencia Arietto, la cual no es presentada por los canales oficiales ni tampoco acompa\u00f1ada del poder que acredite como apoderada del escrito por lo cual se desconoce lo que dice\u201d<\/p>\n\n\n\n<p>\u201cIndependientemente de eso \u2013 continu\u00f3 Cerra \u2013 se menciona que van a presentarse una vez radicada una denuncia penal contra los trabajadores y contra el gremio por presuntos bloqueos lo cual reitero queda totalmente descartado conforme a la constataci\u00f3n de ayer hizo el Ministerio de Tabajao\u201d<\/p>\n\n\n\n<p>Ahora, \u201cla situaci\u00f3n es dram\u00e1tica para los trabajadores que van a llegar a un c\u00famulo de tres meses sin percibir sus salario\u201d, apunt\u00f3 el abogado Cerra<\/p>\n\n\n\n<p>En tanto, Diego Romero puntualiz\u00f3 que \u201cya se est\u00e1 debiendo unos 3 millones de pesos por obrero\u201d. En tanto aclar\u00f3 que \u201clos trabajadores se reunir\u00e1n nuevamente en asamblea para definir pasos a seguir y como gremio nosotros acompa\u00f1amos su lucha\u201d<\/p>\n\n\n\n<p>Cabe indicar que este viernes hay nueva audiencia en la sede del Ministerio de Trabajo provincial en Rosario<\/p>\n","protected":false},"excerpt":{"rendered":"<p>Tras la audiencia llevada a cabo en la sede local del Ministerio de Trabajo Provincial se agrava el conflicto en torno a la falta de pago a sus cerca de 280 trabajadores en la empresa de Cosechadoras Vassalli ubicada en la localidad santafesina de Firmat Este Martes en la audiencia donde se present\u00f3 el gremio [&hellip;]<\/p>\n","protected":false},"author":5,"featured_media":17282,"comment_status":"closed","ping_status":"open","sticky":false,"template":"","format":"standard","meta":{"tdm_status":"","tdm_grid_status":"","footnotes":""},"categories":[13],"tags":[4453,4452,5171,3331,18],"class_list":{"0":"post-17281","1":"post","2":"type-post","3":"status-publish","4":"format-standard","5":"has-post-thumbnail","7":"category-region","8":"tag-cosechadoras-vasalli","9":"tag-firmat","10":"tag-fracaso-audiencia","11":"tag-plan-de-lucha","12":"tag-santa-fe"},"_links":{"self":[{"href":"https:\/\/www.noticiasmas.com.ar\/index.php\/wp-json\/wp\/v2\/posts\/17281","targetHints":{"allow":["GET"]}}],"collection":[{"href":"https:\/\/www.noticiasmas.com.ar\/index.php\/wp-json\/wp\/v2\/posts"}],"about":[{"href":"https:\/\/www.noticiasmas.com.ar\/index.php\/wp-json\/wp\/v2\/types\/post"}],"author":[{"embeddable":true,"href":"https:\/\/www.noticiasmas.com.ar\/index.php\/wp-json\/wp\/v2\/users\/5"}],"replies":[{"embeddable":true,"href":"https:\/\/www.noticiasmas.com.ar\/index.php\/wp-json\/wp\/v2\/comments?post=17281"}],"version-history":[{"count":1,"href":"https:\/\/www.noticiasmas.com.ar\/index.php\/wp-json\/wp\/v2\/posts\/17281\/revisions"}],"predecessor-version":[{"id":17283,"href":"https:\/\/www.noticiasmas.com.ar\/index.php\/wp-json\/wp\/v2\/posts\/17281\/revisions\/17283"}],"wp:featuredmedia":[{"embeddable":true,"href":"https:\/\/www.noticiasmas.com.ar\/index.php\/wp-json\/wp\/v2\/media\/17282"}],"wp:attachment":[{"href":"https:\/\/www.noticiasmas.com.ar\/index.php\/wp-json\/wp\/v2\/media?parent=17281"}],"wp:term":[{"taxonomy":"category","embeddable":true,"href":"https:\/\/www.noticiasmas.com.ar\/index.php\/wp-json\/wp\/v2\/categories?post=17281"},{"taxonomy":"post_tag","embeddable":true,"href":"https:\/\/www.noticiasmas.com.ar\/index.php\/wp-json\/wp\/v2\/tags?post=17281"}],"curies":[{"name":"wp","href":"https:\/\/api.w.org\/{rel}","templated":true}]}}