{"id":17304,"date":"2025-08-28T09:28:12","date_gmt":"2025-08-28T12:28:12","guid":{"rendered":"https:\/\/www.noticiasmas.com.ar\/?p=17304"},"modified":"2025-08-28T09:28:14","modified_gmt":"2025-08-28T12:28:14","slug":"tres-heridos-producto-un-choque-en-la-ruta-entre-rosario-y-victoria-durante-la-madrugada","status":"publish","type":"post","link":"https:\/\/www.noticiasmas.com.ar\/index.php\/2025\/08\/28\/tres-heridos-producto-un-choque-en-la-ruta-entre-rosario-y-victoria-durante-la-madrugada\/","title":{"rendered":"Tres heridos producto un choque en la ruta entre Rosario y Victoria durante la madrugada"},"content":{"rendered":"\n<p>Tres personas resultaron heridas tras un\u00a0violento choque\u00a0durante la madrugada de este jueves en\u00a0<strong>la ruta nacional 174 que conecta Rosario con Victoria<\/strong>. <\/p>\n\n\n\n<p>Todo sucedi\u00f3 alrededor de la 1.30 de hoy en un momento en que hab\u00eda escasa visibilidad en el lugar, algo que frecuentemente ocurre en esta tramo contiguo al puente Rosario &#8211; Victoria. Seg\u00fan primeras informaciones policiales, un cami\u00f3n cargado con ganado y una pickup protagonizaron el siniestro.<\/p>\n\n\n\n<p>Como consecuencia del impacto los conductores del cami\u00f3n y de la camioneta sufrieron serias lesiones. En el caso del camionero, identificado como Mat\u00edas Rafael J., qued\u00f3 en estado inconsciente y tuvo que rescatado del interior de la cabina. Fue derivado al Hospital Eva Per\u00f3n de Granadero Baigorria. En cuento al conductor de la pick up, identificado como Mario V., fue trasladado al mismo nosocomio.<\/p>\n\n\n\n<p>Adem\u00e1s, una adolescente de 17 a\u00f1os, cuyo nombre es Valentina B., quien baj\u00f3 de un veh\u00edculo para brindar ayuda fue embestida por un toro y tuvo que ser trasladada primero al Hospital Centenario y luego fue derivada al de Emergencias Clemente \u00c1lvarez.<\/p>\n\n\n\n<p><\/p>\n","protected":false},"excerpt":{"rendered":"<p>Tres personas resultaron heridas tras un\u00a0violento choque\u00a0durante la madrugada de este jueves en\u00a0la ruta nacional 174 que conecta Rosario con Victoria. Todo sucedi\u00f3 alrededor de la 1.30 de hoy en un momento en que hab\u00eda escasa visibilidad en el lugar, algo que frecuentemente ocurre en esta tramo contiguo al puente Rosario &#8211; Victoria. Seg\u00fan primeras [&hellip;]<\/p>\n","protected":false},"author":9,"featured_media":17305,"comment_status":"closed","ping_status":"open","sticky":false,"template":"","format":"standard","meta":{"tdm_status":"","tdm_grid_status":"","footnotes":""},"categories":[9],"tags":[172,163,4251,571,199],"class_list":{"0":"post-17304","1":"post","2":"type-post","3":"status-publish","4":"format-standard","5":"has-post-thumbnail","7":"category-policiales","8":"tag-policiales","9":"tag-rosario","10":"tag-ruta-174","11":"tag-transito","12":"tag-victoria"},"_links":{"self":[{"href":"https:\/\/www.noticiasmas.com.ar\/index.php\/wp-json\/wp\/v2\/posts\/17304","targetHints":{"allow":["GET"]}}],"collection":[{"href":"https:\/\/www.noticiasmas.com.ar\/index.php\/wp-json\/wp\/v2\/posts"}],"about":[{"href":"https:\/\/www.noticiasmas.com.ar\/index.php\/wp-json\/wp\/v2\/types\/post"}],"author":[{"embeddable":true,"href":"https:\/\/www.noticiasmas.com.ar\/index.php\/wp-json\/wp\/v2\/users\/9"}],"replies":[{"embeddable":true,"href":"https:\/\/www.noticiasmas.com.ar\/index.php\/wp-json\/wp\/v2\/comments?post=17304"}],"version-history":[{"count":1,"href":"https:\/\/www.noticiasmas.com.ar\/index.php\/wp-json\/wp\/v2\/posts\/17304\/revisions"}],"predecessor-version":[{"id":17306,"href":"https:\/\/www.noticiasmas.com.ar\/index.php\/wp-json\/wp\/v2\/posts\/17304\/revisions\/17306"}],"wp:featuredmedia":[{"embeddable":true,"href":"https:\/\/www.noticiasmas.com.ar\/index.php\/wp-json\/wp\/v2\/media\/17305"}],"wp:attachment":[{"href":"https:\/\/www.noticiasmas.com.ar\/index.php\/wp-json\/wp\/v2\/media?parent=17304"}],"wp:term":[{"taxonomy":"category","embeddable":true,"href":"https:\/\/www.noticiasmas.com.ar\/index.php\/wp-json\/wp\/v2\/categories?post=17304"},{"taxonomy":"post_tag","embeddable":true,"href":"https:\/\/www.noticiasmas.com.ar\/index.php\/wp-json\/wp\/v2\/tags?post=17304"}],"curies":[{"name":"wp","href":"https:\/\/api.w.org\/{rel}","templated":true}]}}