{"id":17314,"date":"2025-08-28T10:15:59","date_gmt":"2025-08-28T13:15:59","guid":{"rendered":"https:\/\/www.noticiasmas.com.ar\/?p=17314"},"modified":"2025-08-28T10:16:02","modified_gmt":"2025-08-28T13:16:02","slug":"transformacion-en-accion-maglia-felicito-a-los-ganadores-del-concurso-nacional-de-ideas-para-el-parque-de-la-cabecera","status":"publish","type":"post","link":"https:\/\/www.noticiasmas.com.ar\/index.php\/2025\/08\/28\/transformacion-en-accion-maglia-felicito-a-los-ganadores-del-concurso-nacional-de-ideas-para-el-parque-de-la-cabecera\/","title":{"rendered":"Transformaci\u00f3n en acci\u00f3n: Maglia felicit\u00f3 a los ganadores del Concurso Nacional de Ideas para el Parque de la Cabecera"},"content":{"rendered":"\n<p>El intendente de Granadero Baigorria, Adri\u00e1n Maglia, destac\u00f3 a los ganadores del Concurso Nacional de Ideas para el Parque de la Cabecera, donde se ha destacado el innovador Centro Cultural &#8220;Cristo de las Redes&#8221;. \u201cEste proyecto representa una visi\u00f3n transformadora para nuestra ciudad, es una muestra de m\u00e1s de una d\u00e9cada de trabajo comprometido y constante en la revitalizaci\u00f3n del barrio Remanso Valerio\u201d, celebr\u00f3.<\/p>\n\n\n\n<p>\u201cBaigorria est\u00e1 en plena etapa de transformaci\u00f3n. Y somos nosotros parte de esta historia\u201d, afirm\u00f3 Maglia, subrayando su papel como uno de los principales impulsores de esta iniciativa. \u201cHoy, m\u00e1s que nunca, debemos reconocer que estos proyectos no son solo ideas, son parte de un proceso que hemos construido juntos, con esfuerzo y dedicaci\u00f3n\u201d.<\/p>\n\n\n\n<p>El intendente tambi\u00e9n expres\u00f3 su agradecimiento al Gobierno de la Provincia de Santa Fe y al Colegio de Arquitectura y Urbanismo, quienes han respaldado este concurso, garantizando su seriedad y su relevancia para el futuro de Granadero Baigorria: \u201cEste concurso es un testimonio de nuestra capacidad para so\u00f1ar en grande y trabajar en conjunto. No solo se trata de un espacio f\u00edsico, sino de un s\u00edmbolo de lo que podemos lograr como comunidad\u201d.<\/p>\n\n\n\n<p>Maglia destac\u00f3 la importancia de estos dise\u00f1os, que no solo ofrecen una proyecci\u00f3n del futuro espacio, sino que tambi\u00e9n reflejan un compromiso con la cultura y el bienestar de los ciudadanos. \u201cEstamos construyendo un legado para las futuras generaciones. Cada paso que damos es una inversi\u00f3n en nuestra identidad y en el desarrollo de un Granadero Baigorria m\u00e1s moderno y accesible\u201d, dijo Maglia.<\/p>\n\n\n\n<p>Aunque el concurso de ideas no es vinculante, las propuestas se tendr\u00e1n en cuenta a la hora de armar el pliego licitatorio y en la consolidaci\u00f3n del Master Plan del Parque de la Cabecera. En total se presentaron 62 trabajos de distintas regiones del pa\u00eds y el primer premio fue para&nbsp;<strong>\u201cCristo de las Redes\u201d<\/strong>, del equipo integrado por Ana Babaya, Juan Manuel Pachu\u00e9, Marco Zampieri, Mat\u00edas Salom\u00f3n y Alejandro Puente.<\/p>\n","protected":false},"excerpt":{"rendered":"<p>El intendente de Granadero Baigorria, Adri\u00e1n Maglia, destac\u00f3 a los ganadores del Concurso Nacional de Ideas para el Parque de la Cabecera, donde se ha destacado el innovador Centro Cultural &#8220;Cristo de las Redes&#8221;. \u201cEste proyecto representa una visi\u00f3n transformadora para nuestra ciudad, es una muestra de m\u00e1s de una d\u00e9cada de trabajo comprometido y [&hellip;]<\/p>\n","protected":false},"author":5,"featured_media":17315,"comment_status":"closed","ping_status":"open","sticky":false,"template":"","format":"standard","meta":{"tdm_status":"","tdm_grid_status":"","footnotes":""},"categories":[13],"tags":[5189,246,5190,5191,3753],"class_list":{"0":"post-17314","1":"post","2":"type-post","3":"status-publish","4":"format-standard","5":"has-post-thumbnail","7":"category-region","8":"tag-concurso-nacional-de-ideas","9":"tag-granadero-baigorria","10":"tag-parque-cabecera-del-puente","11":"tag-primer-premio","12":"tag-puente-rosario-victoria"},"_links":{"self":[{"href":"https:\/\/www.noticiasmas.com.ar\/index.php\/wp-json\/wp\/v2\/posts\/17314","targetHints":{"allow":["GET"]}}],"collection":[{"href":"https:\/\/www.noticiasmas.com.ar\/index.php\/wp-json\/wp\/v2\/posts"}],"about":[{"href":"https:\/\/www.noticiasmas.com.ar\/index.php\/wp-json\/wp\/v2\/types\/post"}],"author":[{"embeddable":true,"href":"https:\/\/www.noticiasmas.com.ar\/index.php\/wp-json\/wp\/v2\/users\/5"}],"replies":[{"embeddable":true,"href":"https:\/\/www.noticiasmas.com.ar\/index.php\/wp-json\/wp\/v2\/comments?post=17314"}],"version-history":[{"count":1,"href":"https:\/\/www.noticiasmas.com.ar\/index.php\/wp-json\/wp\/v2\/posts\/17314\/revisions"}],"predecessor-version":[{"id":17316,"href":"https:\/\/www.noticiasmas.com.ar\/index.php\/wp-json\/wp\/v2\/posts\/17314\/revisions\/17316"}],"wp:featuredmedia":[{"embeddable":true,"href":"https:\/\/www.noticiasmas.com.ar\/index.php\/wp-json\/wp\/v2\/media\/17315"}],"wp:attachment":[{"href":"https:\/\/www.noticiasmas.com.ar\/index.php\/wp-json\/wp\/v2\/media?parent=17314"}],"wp:term":[{"taxonomy":"category","embeddable":true,"href":"https:\/\/www.noticiasmas.com.ar\/index.php\/wp-json\/wp\/v2\/categories?post=17314"},{"taxonomy":"post_tag","embeddable":true,"href":"https:\/\/www.noticiasmas.com.ar\/index.php\/wp-json\/wp\/v2\/tags?post=17314"}],"curies":[{"name":"wp","href":"https:\/\/api.w.org\/{rel}","templated":true}]}}