{"id":17320,"date":"2025-08-28T15:15:31","date_gmt":"2025-08-28T18:15:31","guid":{"rendered":"https:\/\/www.noticiasmas.com.ar\/?p=17320"},"modified":"2025-08-28T15:15:34","modified_gmt":"2025-08-28T18:15:34","slug":"nacion-cambio-el-cronograma-de-feriados-para-que-haya-mas-fines-de-semana-largos","status":"publish","type":"post","link":"https:\/\/www.noticiasmas.com.ar\/index.php\/2025\/08\/28\/nacion-cambio-el-cronograma-de-feriados-para-que-haya-mas-fines-de-semana-largos\/","title":{"rendered":"Naci\u00f3n cambi\u00f3 el cronograma de feriados para que haya m\u00e1s fines de semana largos"},"content":{"rendered":"\n<p>El gobierno defini\u00f3 un cambio vinculado a los feriados nacionales que caigan s\u00e1bado o domingo. El decreto 614\/2025, firmado por el presidente Milei, dispone que estos feriados se muevan al viernes anterior o al lunes siguiente, seg\u00fan lo disponga la autoridad competente.<\/p>\n\n\n\n<p>El objetivo es llenar un vac\u00edo legal de la Ley 27.399, que hasta el momento no especificaba qu\u00e9 hacer en los casos en que ca\u00edan en fines de semana.<\/p>\n\n\n\n<p>El decreto no modifica el r\u00e9gimen de los feriados inamovibles, y solo contempla a los feriados catalogados como trasladables en la normativa vigente, que a partir de ahora podr\u00e1n moverse al viernes anterior o al lunes posterior en caso de coincidir con s\u00e1bado o domingo.<\/p>\n\n\n\n<p>De aqu\u00ed en adelante los feriados trasladables que coincidan con fines de semana no quedar\u00e1n autom\u00e1ticamente fijos en su fecha original, sino que podr\u00e1n moverse seg\u00fan se disponga para cada a\u00f1o calendario.<\/p>\n\n\n\n<p>El 12 de octubre<\/p>\n\n\n\n<p>El 12 de octubre, D\u00eda del Respeto a la Diversidad Cultural, en este 2025, 12 de octubre cae domingo y el tipo de feriado nacional es trasladable, de modo que el traslado podr\u00e1 realizarse \u201cal lunes inmediato posterior o al \u00faltimo viernes inmediato anterior\u201d, la determinaci\u00f3n final quedar\u00e1 en manos de la Jefatura de Gabinete.<\/p>\n\n\n\n<p><strong>Feriados que restan en 2025<\/strong><\/p>\n\n\n\n<p><strong>Feriados inamovibles<\/strong><\/p>\n\n\n\n<p>&#8211; Diciembre: 8 de diciembre (D\u00eda de la Inmaculada Concepci\u00f3n de Mar\u00eda), 25 de diciembre (Navidad).<\/p>\n\n\n\n<p><strong>Feriados trasladables<\/strong><\/p>\n\n\n\n<p>&#8211; Octubre: 12 de octubre (D\u00eda del Respeto a la Diversidad Cultural).<\/p>\n\n\n\n<p>&#8211; Noviembre: 24 de noviembre (D\u00eda de la Soberan\u00eda Nacional), trasladado del 20 de noviembre.<\/p>\n\n\n\n<p><strong>D\u00edas no laborables con fines tur\u00edsticos<\/strong><\/p>\n\n\n\n<p>&#8211; Noviembre: 21 de noviembre<\/p>\n\n\n\n<p>La decisi\u00f3n de otorgar o no los d\u00edas no laborables queda a discreci\u00f3n de cada empleador. En caso de trabajar durante estas jornadas, no se abona un pago adicional como en los feriados nacionales.<\/p>\n\n\n\n<p><strong>Fines de semana largos<\/strong><\/p>\n\n\n\n<p>&#8211; 21 al 24 de noviembre: D\u00eda no laborable y D\u00eda de la Soberan\u00eda Nacional.<\/p>\n\n\n\n<p>&#8211; 6 al 8 de diciembre: D\u00eda de la Inmaculada Concepci\u00f3n de Mar\u00eda.<\/p>\n\n\n\n<p>El objetivo de estos feriados y d\u00edas no laborables es impulsar el turismo interno y la econom\u00eda del pa\u00eds. Las fechas elegidas buscan desestacionalizar la actividad tur\u00edstica y distribuirla de manera equitativa a lo largo del a\u00f1o.<\/p>\n","protected":false},"excerpt":{"rendered":"<p>El gobierno defini\u00f3 un cambio vinculado a los feriados nacionales que caigan s\u00e1bado o domingo. El decreto 614\/2025, firmado por el presidente Milei, dispone que estos feriados se muevan al viernes anterior o al lunes siguiente, seg\u00fan lo disponga la autoridad competente. El objetivo es llenar un vac\u00edo legal de la Ley 27.399, que hasta [&hellip;]<\/p>\n","protected":false},"author":8,"featured_media":17322,"comment_status":"closed","ping_status":"open","sticky":false,"template":"","format":"standard","meta":{"tdm_status":"","tdm_grid_status":"","footnotes":""},"categories":[1],"tags":[2751,795,441],"class_list":{"0":"post-17320","1":"post","2":"type-post","3":"status-publish","4":"format-standard","5":"has-post-thumbnail","7":"category-nacionales","8":"tag-decreto","9":"tag-feriados","10":"tag-turismo"},"_links":{"self":[{"href":"https:\/\/www.noticiasmas.com.ar\/index.php\/wp-json\/wp\/v2\/posts\/17320","targetHints":{"allow":["GET"]}}],"collection":[{"href":"https:\/\/www.noticiasmas.com.ar\/index.php\/wp-json\/wp\/v2\/posts"}],"about":[{"href":"https:\/\/www.noticiasmas.com.ar\/index.php\/wp-json\/wp\/v2\/types\/post"}],"author":[{"embeddable":true,"href":"https:\/\/www.noticiasmas.com.ar\/index.php\/wp-json\/wp\/v2\/users\/8"}],"replies":[{"embeddable":true,"href":"https:\/\/www.noticiasmas.com.ar\/index.php\/wp-json\/wp\/v2\/comments?post=17320"}],"version-history":[{"count":1,"href":"https:\/\/www.noticiasmas.com.ar\/index.php\/wp-json\/wp\/v2\/posts\/17320\/revisions"}],"predecessor-version":[{"id":17323,"href":"https:\/\/www.noticiasmas.com.ar\/index.php\/wp-json\/wp\/v2\/posts\/17320\/revisions\/17323"}],"wp:featuredmedia":[{"embeddable":true,"href":"https:\/\/www.noticiasmas.com.ar\/index.php\/wp-json\/wp\/v2\/media\/17322"}],"wp:attachment":[{"href":"https:\/\/www.noticiasmas.com.ar\/index.php\/wp-json\/wp\/v2\/media?parent=17320"}],"wp:term":[{"taxonomy":"category","embeddable":true,"href":"https:\/\/www.noticiasmas.com.ar\/index.php\/wp-json\/wp\/v2\/categories?post=17320"},{"taxonomy":"post_tag","embeddable":true,"href":"https:\/\/www.noticiasmas.com.ar\/index.php\/wp-json\/wp\/v2\/tags?post=17320"}],"curies":[{"name":"wp","href":"https:\/\/api.w.org\/{rel}","templated":true}]}}