{"id":17337,"date":"2025-08-28T18:08:17","date_gmt":"2025-08-28T21:08:17","guid":{"rendered":"https:\/\/www.noticiasmas.com.ar\/?p=17337"},"modified":"2025-08-28T18:08:19","modified_gmt":"2025-08-28T21:08:19","slug":"amsafe-celebra-una-conquista-historica-la-caja-de-jubilaciones-es-intransferible","status":"publish","type":"post","link":"https:\/\/www.noticiasmas.com.ar\/index.php\/2025\/08\/28\/amsafe-celebra-una-conquista-historica-la-caja-de-jubilaciones-es-intransferible\/","title":{"rendered":"AMSAFE CELEBRA UNA CONQUISTA HIST\u00d3RICA: &#8220;LA CAJA DE JUBILACIONES ES INTRANSFERIBLE&#8221;"},"content":{"rendered":"\n<p>&#8220;Desde AMSAFE celebramos como un triunfo colectivo la resoluci\u00f3n alcanzada en el marco de la Convenci\u00f3n Constituyente de la Provincia de Santa Fe, que incorpora en el nuevo texto constitucional el car\u00e1cter intransferible de la Caja de Jubilaciones y Pensiones de la Provincia&#8221;, expresaron desde el gremio de los docentes p\u00fablicos santafesinos.<\/p>\n\n\n\n<p>&#8220;Este logro, impulsado por la Comisi\u00f3n Intersindical del Sector P\u00fablico (CISEP) y acompa\u00f1ado por nuestro sindicato, se da inmediatamente despu\u00e9s de la multitudinaria concentraci\u00f3n provincial realizada en el d\u00eda de ayer, donde miles de docentes de toda la provincia se manifestaron frente a la Caja de Jubilaciones. Esa jornada fue una clara demostraci\u00f3n de fuerza, unidad y organizaci\u00f3n de AMSAFE, reafirmando que la defensa de la Caja es un compromiso irrenunciable de la docencia santafesina.<\/p>\n\n\n\n<p>La inclusi\u00f3n expresa que la intransferibilidad responde a una convicci\u00f3n hist\u00f3rica: la Caja constituye un patrimonio colectivo e irrenunciable, fruto de d\u00e9cadas de aportes de trabajadoras y trabajadores activos y jubilados, que no puede quedar sujeta a privatizaci\u00f3n, transferencia ni vaciamiento que ponga en riesgo derechos adquiridos&#8221; aseguraron.<\/p>\n\n\n\n<p>La norma aprobada establece que \u201cel sistema previsional de los agentes p\u00fablicos del Estado provincial se financia mediante un mecanismo de reparto solidario de car\u00e1cter p\u00fablico. La administraci\u00f3n est\u00e1 a cargo de un \u00f3rgano intransferible. Los recursos que integran el patrimonio de las cajas de seguridad social son intangibles y no pueden destinarse a otros fines\u201d.<\/p>\n\n\n\n<p>Para AMSAFE, este es un d\u00eda hist\u00f3rico, relataron: &#8220;La defensa de la Caja es la defensa del futuro previsional de miles de docentes y trabajadores del Estado. La conquista lograda es tambi\u00e9n un acto de soberan\u00eda y justicia social, que garantiza un sistema solidario, de reparto y asistido&#8221;.<\/p>\n\n\n\n<p>Desde AMSAFE reafirmamos que esta victoria no significa el final del camino. Vamos a seguir peleando, convencidos de que se debe derogar la reforma previsional que tanto da\u00f1o le ha provocado a nuestros compa\u00f1eros y compa\u00f1eras, tanto activos como jubilados y jubiladas.<\/p>\n","protected":false},"excerpt":{"rendered":"<p>&#8220;Desde AMSAFE celebramos como un triunfo colectivo la resoluci\u00f3n alcanzada en el marco de la Convenci\u00f3n Constituyente de la Provincia de Santa Fe, que incorpora en el nuevo texto constitucional el car\u00e1cter intransferible de la Caja de Jubilaciones y Pensiones de la Provincia&#8221;, expresaron desde el gremio de los docentes p\u00fablicos santafesinos. &#8220;Este logro, impulsado [&hellip;]<\/p>\n","protected":false},"author":5,"featured_media":17338,"comment_status":"closed","ping_status":"open","sticky":false,"template":"","format":"standard","meta":{"tdm_status":"","tdm_grid_status":"","footnotes":""},"categories":[14],"tags":[800,2153,5200,18],"class_list":{"0":"post-17337","1":"post","2":"type-post","3":"status-publish","4":"format-standard","5":"has-post-thumbnail","7":"category-provinciales","8":"tag-amsafe","9":"tag-caja-de-jubilaciones","10":"tag-intransferible","11":"tag-santa-fe"},"_links":{"self":[{"href":"https:\/\/www.noticiasmas.com.ar\/index.php\/wp-json\/wp\/v2\/posts\/17337","targetHints":{"allow":["GET"]}}],"collection":[{"href":"https:\/\/www.noticiasmas.com.ar\/index.php\/wp-json\/wp\/v2\/posts"}],"about":[{"href":"https:\/\/www.noticiasmas.com.ar\/index.php\/wp-json\/wp\/v2\/types\/post"}],"author":[{"embeddable":true,"href":"https:\/\/www.noticiasmas.com.ar\/index.php\/wp-json\/wp\/v2\/users\/5"}],"replies":[{"embeddable":true,"href":"https:\/\/www.noticiasmas.com.ar\/index.php\/wp-json\/wp\/v2\/comments?post=17337"}],"version-history":[{"count":1,"href":"https:\/\/www.noticiasmas.com.ar\/index.php\/wp-json\/wp\/v2\/posts\/17337\/revisions"}],"predecessor-version":[{"id":17339,"href":"https:\/\/www.noticiasmas.com.ar\/index.php\/wp-json\/wp\/v2\/posts\/17337\/revisions\/17339"}],"wp:featuredmedia":[{"embeddable":true,"href":"https:\/\/www.noticiasmas.com.ar\/index.php\/wp-json\/wp\/v2\/media\/17338"}],"wp:attachment":[{"href":"https:\/\/www.noticiasmas.com.ar\/index.php\/wp-json\/wp\/v2\/media?parent=17337"}],"wp:term":[{"taxonomy":"category","embeddable":true,"href":"https:\/\/www.noticiasmas.com.ar\/index.php\/wp-json\/wp\/v2\/categories?post=17337"},{"taxonomy":"post_tag","embeddable":true,"href":"https:\/\/www.noticiasmas.com.ar\/index.php\/wp-json\/wp\/v2\/tags?post=17337"}],"curies":[{"name":"wp","href":"https:\/\/api.w.org\/{rel}","templated":true}]}}