{"id":17365,"date":"2025-08-29T10:17:21","date_gmt":"2025-08-29T13:17:21","guid":{"rendered":"https:\/\/www.noticiasmas.com.ar\/?p=17365"},"modified":"2025-08-29T10:23:36","modified_gmt":"2025-08-29T13:23:36","slug":"informes-climaticos-indican-que-las-tormentas-comenzaran-a-partir-del-sabado-pasado-el-mediodia","status":"publish","type":"post","link":"https:\/\/www.noticiasmas.com.ar\/index.php\/2025\/08\/29\/informes-climaticos-indican-que-las-tormentas-comenzaran-a-partir-del-sabado-pasado-el-mediodia\/","title":{"rendered":"Informes clim\u00e1ticos indican que las tormentas comenzar\u00e1n a partir del s\u00e1bado pasado el mediod\u00eda"},"content":{"rendered":"\n<p>Desde el Centro de Monitoreo Meteorol\u00f3gico y Clim\u00e1tico de Granadero Baigorria informaron que las tormentas anunciadas para este fin de semana comenzar\u00e1n a formarse a partir del s\u00e1bado en horas del mediod\u00eda. <\/p>\n\n\n\n<p>Seg\u00fan el \u00faltimo informe clim\u00e1tico, en la madrugada del s\u00e1bado 30 de agosto comenzar\u00e1n a desmejorar las condiciones clim\u00e1ticas, producto de &#8220;la formaci\u00f3n de un centro de baja presi\u00f3n en la zona de Cuyo y del ingreso de aire fr\u00edo&#8221;. <\/p>\n\n\n\n<p>Por la orientaci\u00f3n de estos fen\u00f3menos, ser\u00e1 primero el sector del norte de la provincia de Santa Fe quienes comenzar\u00e1n a percibir estas lluvias y tormentas, esperando dichos fen\u00f3menos en la regi\u00f3n para horas del mediod\u00eda<\/p>\n\n\n\n<p>&#8220;Existe la posibilidad de que ocurran tormentas fuertes, con acumulados significativos de lluvia, acompa\u00f1ados de r\u00e1fagas de viento superiores a los 60km\/h, con actividad el\u00e9ctrica y ocasionalmente granizo&#8221;, anunciaron.<\/p>\n\n\n\n<p>&#8220;Para el d\u00eda domingo, persistir\u00e1n durante toda la jornada lluvias, y muy localmente tormentas, en todo el territorio provincial&#8221;, agregaron.  Los acumulados de lluvia totales podr\u00edan superar ampliamente los 90mm, &#8220;lo que sumado a la acci\u00f3n del viento (que tambi\u00e9n persistir\u00e1 durante el domingo) podr\u00eda generar complicaciones, tanto por anegamientos, como por ca\u00edda de \u00e1rboles, postes, y condiciones de tiempo peligrosas para el tr\u00e1nsito en rutas y autopistas&#8221;, se\u00f1alaron.<\/p>\n\n\n\n<p><\/p>\n","protected":false},"excerpt":{"rendered":"<p>Desde el Centro de Monitoreo Meteorol\u00f3gico y Clim\u00e1tico de Granadero Baigorria informaron que las tormentas anunciadas para este fin de semana comenzar\u00e1n a formarse a partir del s\u00e1bado en horas del mediod\u00eda. Seg\u00fan el \u00faltimo informe clim\u00e1tico, en la madrugada del s\u00e1bado 30 de agosto comenzar\u00e1n a desmejorar las condiciones clim\u00e1ticas, producto de &#8220;la formaci\u00f3n [&hellip;]<\/p>\n","protected":false},"author":9,"featured_media":886,"comment_status":"closed","ping_status":"open","sticky":false,"template":"","format":"standard","meta":{"tdm_status":"","tdm_grid_status":"","footnotes":""},"categories":[14],"tags":[5208,138,906,392],"class_list":{"0":"post-17365","1":"post","2":"type-post","3":"status-publish","4":"format-standard","5":"has-post-thumbnail","7":"category-provinciales","8":"tag-anuncio-de-tormentas","9":"tag-clima","10":"tag-cmmc","11":"tag-lluvias"},"_links":{"self":[{"href":"https:\/\/www.noticiasmas.com.ar\/index.php\/wp-json\/wp\/v2\/posts\/17365","targetHints":{"allow":["GET"]}}],"collection":[{"href":"https:\/\/www.noticiasmas.com.ar\/index.php\/wp-json\/wp\/v2\/posts"}],"about":[{"href":"https:\/\/www.noticiasmas.com.ar\/index.php\/wp-json\/wp\/v2\/types\/post"}],"author":[{"embeddable":true,"href":"https:\/\/www.noticiasmas.com.ar\/index.php\/wp-json\/wp\/v2\/users\/9"}],"replies":[{"embeddable":true,"href":"https:\/\/www.noticiasmas.com.ar\/index.php\/wp-json\/wp\/v2\/comments?post=17365"}],"version-history":[{"count":2,"href":"https:\/\/www.noticiasmas.com.ar\/index.php\/wp-json\/wp\/v2\/posts\/17365\/revisions"}],"predecessor-version":[{"id":17367,"href":"https:\/\/www.noticiasmas.com.ar\/index.php\/wp-json\/wp\/v2\/posts\/17365\/revisions\/17367"}],"wp:featuredmedia":[{"embeddable":true,"href":"https:\/\/www.noticiasmas.com.ar\/index.php\/wp-json\/wp\/v2\/media\/886"}],"wp:attachment":[{"href":"https:\/\/www.noticiasmas.com.ar\/index.php\/wp-json\/wp\/v2\/media?parent=17365"}],"wp:term":[{"taxonomy":"category","embeddable":true,"href":"https:\/\/www.noticiasmas.com.ar\/index.php\/wp-json\/wp\/v2\/categories?post=17365"},{"taxonomy":"post_tag","embeddable":true,"href":"https:\/\/www.noticiasmas.com.ar\/index.php\/wp-json\/wp\/v2\/tags?post=17365"}],"curies":[{"name":"wp","href":"https:\/\/api.w.org\/{rel}","templated":true}]}}