{"id":17396,"date":"2025-09-01T08:38:18","date_gmt":"2025-09-01T11:38:18","guid":{"rendered":"https:\/\/www.noticiasmas.com.ar\/?p=17396"},"modified":"2025-09-01T08:38:21","modified_gmt":"2025-09-01T11:38:21","slug":"copa-santa-fe-colon-y-union-se-enfrentaran-en-las-semifinales","status":"publish","type":"post","link":"https:\/\/www.noticiasmas.com.ar\/index.php\/2025\/09\/01\/copa-santa-fe-colon-y-union-se-enfrentaran-en-las-semifinales\/","title":{"rendered":"Copa Santa Fe: Col\u00f3n y Uni\u00f3n se enfrentar\u00e1n en las semifinales\u00a0"},"content":{"rendered":"\n<p>La edici\u00f3n 2025 de la Copa Santa Fe de f\u00fatbol masculino tendr\u00e1 cl\u00e1sico santafesino entre Col\u00f3n y Uni\u00f3n, luego del triunfo del sabalero por 2 a 1 frente a Atl\u00e9tico y Tiro de Reconquista en los cuartos de final, encuentro disputado este domingo por la noche en el norte santafesino.<\/p>\n\n\n\n<p>Tatengues y sabaleros volver\u00e1n a verse las caras esta vez en el certamen provincial, en un encuentro de los m\u00e1s pasionales que tiene la provincia en cuanto a f\u00fatbol se habla.&nbsp;<\/p>\n\n\n\n<p>Uni\u00f3n llega a este encuentro tras vencer en cuartos de final a Atl\u00e9tico Rafaela el pasado martes, y llega a este encuentro siendo el vigente campe\u00f3n del torneo provincial.<\/p>\n\n\n\n<p>Sin lugar a dudas, el cl\u00e1sico santafesino ser\u00e1 el plato fuerte de la edici\u00f3n de esta copa, que ya tuvo anteriormente emparejamientos entre tradicionales rivales como el caso de Central y Newell\u2019s en 2016, encuentro que termin\u00f3 en victoria para la lepra por penales y que tuvo a, por ejemplo, Lisandro Mart\u00edenz entre los titulares leprosos.&nbsp;<\/p>\n\n\n\n<h2 class=\"wp-block-heading\">Un antecedente frustrado<\/h2>\n\n\n\n<p>En esa misma edici\u00f3n 2016, Uni\u00f3n y Col\u00f3n hab\u00edan quedados emparejados en la instancia de cuartos de final del torneo. En la ronda anterior, los tatengues hab\u00edan vencido a Ben Hur de Rafaela por 2 a 0 y los sabaleros a Col\u00f3n de San Justo por 3 a 0.<\/p>\n\n\n\n<p>En esa oportunidad, la llave deb\u00eda disputarse a mediados de julio, pero la presidencia de Col\u00f3n intent\u00f3 postergar el encuentro hasta septiembre. Inmediatamente, desde la vereda de enfrente hicieron declaraciones tribunales aludiendo que el sabalero \u201cno quer\u00eda presentarse\u201d, calentando ya la previa de un partido que promet\u00eda ser electrizante.<\/p>\n\n\n\n<figure class=\"wp-block-image size-full\"><img loading=\"lazy\" decoding=\"async\" width=\"571\" height=\"299\" src=\"https:\/\/www.noticiasmas.com.ar\/wp-content\/uploads\/2025\/09\/NEWELLS-OLD-BOYS-ROSARIO-CENTRAL.jpg\" alt=\"\" class=\"wp-image-17398\" srcset=\"https:\/\/www.noticiasmas.com.ar\/wp-content\/uploads\/2025\/09\/NEWELLS-OLD-BOYS-ROSARIO-CENTRAL.jpg 571w, https:\/\/www.noticiasmas.com.ar\/wp-content\/uploads\/2025\/09\/NEWELLS-OLD-BOYS-ROSARIO-CENTRAL-300x157.jpg 300w, https:\/\/www.noticiasmas.com.ar\/wp-content\/uploads\/2025\/09\/NEWELLS-OLD-BOYS-ROSARIO-CENTRAL-150x79.jpg 150w\" sizes=\"auto, (max-width: 571px) 100vw, 571px\" \/><\/figure>\n\n\n\n<p>La Federaci\u00f3n Santafesina de F\u00fatbol medi\u00f3 el reclamo de ambas instituciones y propuso jugar el 30 de julio y 6 de agosto. Uni\u00f3n no acept\u00f3 las fechas y desde la dirigencia esbozaron que se ten\u00edan que considerar ganadores de la llave ya que Col\u00f3n hab\u00eda postergado las fechas y eso no correspond\u00eda al reglamento.<\/p>\n\n\n\n<p>Finalmente, el encuentro, luego de no poder llegarse a una fecha en concreto, qued\u00f3 suspendido y los dos clubes eliminados. Uni\u00f3n de Sunchales, que hab\u00eda vencido a Atl\u00e9tico Rafaela en cuartos de final, clasific\u00f3 directamente a la final y fue campe\u00f3n tras vencer all\u00ed a Sportivo Las Parejas.<\/p>\n\n\n\n<figure class=\"wp-block-image size-large\"><img loading=\"lazy\" decoding=\"async\" width=\"1024\" height=\"516\" src=\"https:\/\/www.noticiasmas.com.ar\/wp-content\/uploads\/2025\/09\/TnRlVZEDx_1300x655__1-1024x516.jpg\" alt=\"\" class=\"wp-image-17399\" srcset=\"https:\/\/www.noticiasmas.com.ar\/wp-content\/uploads\/2025\/09\/TnRlVZEDx_1300x655__1-1024x516.jpg 1024w, https:\/\/www.noticiasmas.com.ar\/wp-content\/uploads\/2025\/09\/TnRlVZEDx_1300x655__1-300x151.jpg 300w, https:\/\/www.noticiasmas.com.ar\/wp-content\/uploads\/2025\/09\/TnRlVZEDx_1300x655__1-768x387.jpg 768w, https:\/\/www.noticiasmas.com.ar\/wp-content\/uploads\/2025\/09\/TnRlVZEDx_1300x655__1-150x76.jpg 150w, https:\/\/www.noticiasmas.com.ar\/wp-content\/uploads\/2025\/09\/TnRlVZEDx_1300x655__1-696x351.jpg 696w, https:\/\/www.noticiasmas.com.ar\/wp-content\/uploads\/2025\/09\/TnRlVZEDx_1300x655__1-1068x538.jpg 1068w, https:\/\/www.noticiasmas.com.ar\/wp-content\/uploads\/2025\/09\/TnRlVZEDx_1300x655__1.jpg 1300w\" sizes=\"auto, (max-width: 1024px) 100vw, 1024px\" \/><\/figure>\n\n\n\n<h2 class=\"wp-block-heading\">Fecha estimativa\u00a0<\/h2>\n\n\n\n<p>El cl\u00e1sico santafesino podr\u00eda disputarse el fin de semana del 13 de septiembre. El encuentro ser\u00e1 en el estadio Brigadier L\u00f3pez, y ser\u00e1 la polic\u00eda de la Unidad Regional I la que defina la presencia de p\u00fablico de ambos equipos.<\/p>\n\n\n\n<p><\/p>\n","protected":false},"excerpt":{"rendered":"<p>La edici\u00f3n 2025 de la Copa Santa Fe de f\u00fatbol masculino tendr\u00e1 cl\u00e1sico santafesino entre Col\u00f3n y Uni\u00f3n, luego del triunfo del sabalero por 2 a 1 frente a Atl\u00e9tico y Tiro de Reconquista en los cuartos de final, encuentro disputado este domingo por la noche en el norte santafesino. Tatengues y sabaleros volver\u00e1n a [&hellip;]<\/p>\n","protected":false},"author":9,"featured_media":17397,"comment_status":"closed","ping_status":"open","sticky":false,"template":"","format":"standard","meta":{"tdm_status":"","tdm_grid_status":"","footnotes":""},"categories":[10],"tags":[180,209,2115,1588],"class_list":{"0":"post-17396","1":"post","2":"type-post","3":"status-publish","4":"format-standard","5":"has-post-thumbnail","7":"category-deportes","8":"tag-colon","9":"tag-copa-santa-fe","10":"tag-federacion-santafesina-de-futbol","11":"tag-union"},"_links":{"self":[{"href":"https:\/\/www.noticiasmas.com.ar\/index.php\/wp-json\/wp\/v2\/posts\/17396","targetHints":{"allow":["GET"]}}],"collection":[{"href":"https:\/\/www.noticiasmas.com.ar\/index.php\/wp-json\/wp\/v2\/posts"}],"about":[{"href":"https:\/\/www.noticiasmas.com.ar\/index.php\/wp-json\/wp\/v2\/types\/post"}],"author":[{"embeddable":true,"href":"https:\/\/www.noticiasmas.com.ar\/index.php\/wp-json\/wp\/v2\/users\/9"}],"replies":[{"embeddable":true,"href":"https:\/\/www.noticiasmas.com.ar\/index.php\/wp-json\/wp\/v2\/comments?post=17396"}],"version-history":[{"count":1,"href":"https:\/\/www.noticiasmas.com.ar\/index.php\/wp-json\/wp\/v2\/posts\/17396\/revisions"}],"predecessor-version":[{"id":17400,"href":"https:\/\/www.noticiasmas.com.ar\/index.php\/wp-json\/wp\/v2\/posts\/17396\/revisions\/17400"}],"wp:featuredmedia":[{"embeddable":true,"href":"https:\/\/www.noticiasmas.com.ar\/index.php\/wp-json\/wp\/v2\/media\/17397"}],"wp:attachment":[{"href":"https:\/\/www.noticiasmas.com.ar\/index.php\/wp-json\/wp\/v2\/media?parent=17396"}],"wp:term":[{"taxonomy":"category","embeddable":true,"href":"https:\/\/www.noticiasmas.com.ar\/index.php\/wp-json\/wp\/v2\/categories?post=17396"},{"taxonomy":"post_tag","embeddable":true,"href":"https:\/\/www.noticiasmas.com.ar\/index.php\/wp-json\/wp\/v2\/tags?post=17396"}],"curies":[{"name":"wp","href":"https:\/\/api.w.org\/{rel}","templated":true}]}}