{"id":17404,"date":"2025-09-01T09:30:56","date_gmt":"2025-09-01T12:30:56","guid":{"rendered":"https:\/\/www.noticiasmas.com.ar\/?p=17404"},"modified":"2025-09-01T09:30:59","modified_gmt":"2025-09-01T12:30:59","slug":"confirmado-el-nuevo-feriado-el-12-de-octubre-se-traslada-al-viernes-10","status":"publish","type":"post","link":"https:\/\/www.noticiasmas.com.ar\/index.php\/2025\/09\/01\/confirmado-el-nuevo-feriado-el-12-de-octubre-se-traslada-al-viernes-10\/","title":{"rendered":"Confirmado el nuevo feriado: el 12 de octubre se traslada al viernes 10"},"content":{"rendered":"\n<p>El Gobierno Nacional confirm\u00f3 un nuevo feriado no laborable, y ser\u00e1 el traslado del D\u00eda del Respeto a la Diversidad Cultural del domingo 12 de octubre al viernes 10, conformando as\u00ed un nuevo fin de semana largo.&nbsp;<\/p>\n\n\n\n<p>Mediante la Resoluci\u00f3n 139\/2025 de la Jefatura de Gabinete de Ministros publicada este lunes en el Bolet\u00edn Oficial, el gobierno nacional comenz\u00f3 a reestructurar el esquema de feriados luego de que se habiliten ciertos traslados de fechas que quedaban en el calendario durante un fin de semana.&nbsp;<\/p>\n\n\n\n<p>La medida tiene como finalidad estimular el turismo, el cual mostr\u00f3 en vacaciones de invierno ca\u00eddas del 10,9% en cantidad de personas que viajaron y en un 11,2% en gastos, seg\u00fan un informe de la Confederaci\u00f3n Argentina de la Mediana Empresa (CAME).<\/p>\n\n\n\n<p>Las cifras del INDEC en cuanto a turismo internacional tambi\u00e9n muestran un declive, con una ca\u00edda del 16% interanual en visitantes que ingresaron al pa\u00eds en el mes de julio, el fuerte de las vacaciones invernales.&nbsp;<\/p>\n\n\n\n<p>Este feriado se da luego de una fuerte presi\u00f3n de localidades tur\u00edsticas, principalmente las ubicadas en la costa bonaerense. El Decreto 614\/2025 publicado el fin de semana dio cuenta de un reclamo que lleg\u00f3 a Daniel Scioli, secretario de Turismo de la Naci\u00f3n, presionado por este sector ante un contexto donde se debe aprovechar y maximizar cada oportunidad de recibir turistas.&nbsp;<\/p>\n\n\n\n<p>El 12 de octubre ser\u00e1 el \u00fanico feriado que tendr\u00e1 modificaciones, ya que los restan hasta finales de 2025 coinciden en d\u00edas de semana.<\/p>\n","protected":false},"excerpt":{"rendered":"<p>El Gobierno Nacional confirm\u00f3 un nuevo feriado no laborable, y ser\u00e1 el traslado del D\u00eda del Respeto a la Diversidad Cultural del domingo 12 de octubre al viernes 10, conformando as\u00ed un nuevo fin de semana largo.&nbsp; Mediante la Resoluci\u00f3n 139\/2025 de la Jefatura de Gabinete de Ministros publicada este lunes en el Bolet\u00edn Oficial, [&hellip;]<\/p>\n","protected":false},"author":9,"featured_media":17409,"comment_status":"closed","ping_status":"open","sticky":false,"template":"","format":"standard","meta":{"tdm_status":"","tdm_grid_status":"","footnotes":""},"categories":[1],"tags":[4937,324,795,218,441],"class_list":{"0":"post-17404","1":"post","2":"type-post","3":"status-publish","4":"format-standard","5":"has-post-thumbnail","7":"category-nacionales","8":"tag-12-de-octubre","9":"tag-argentina","10":"tag-feriados","11":"tag-nacionales","12":"tag-turismo"},"_links":{"self":[{"href":"https:\/\/www.noticiasmas.com.ar\/index.php\/wp-json\/wp\/v2\/posts\/17404","targetHints":{"allow":["GET"]}}],"collection":[{"href":"https:\/\/www.noticiasmas.com.ar\/index.php\/wp-json\/wp\/v2\/posts"}],"about":[{"href":"https:\/\/www.noticiasmas.com.ar\/index.php\/wp-json\/wp\/v2\/types\/post"}],"author":[{"embeddable":true,"href":"https:\/\/www.noticiasmas.com.ar\/index.php\/wp-json\/wp\/v2\/users\/9"}],"replies":[{"embeddable":true,"href":"https:\/\/www.noticiasmas.com.ar\/index.php\/wp-json\/wp\/v2\/comments?post=17404"}],"version-history":[{"count":1,"href":"https:\/\/www.noticiasmas.com.ar\/index.php\/wp-json\/wp\/v2\/posts\/17404\/revisions"}],"predecessor-version":[{"id":17410,"href":"https:\/\/www.noticiasmas.com.ar\/index.php\/wp-json\/wp\/v2\/posts\/17404\/revisions\/17410"}],"wp:featuredmedia":[{"embeddable":true,"href":"https:\/\/www.noticiasmas.com.ar\/index.php\/wp-json\/wp\/v2\/media\/17409"}],"wp:attachment":[{"href":"https:\/\/www.noticiasmas.com.ar\/index.php\/wp-json\/wp\/v2\/media?parent=17404"}],"wp:term":[{"taxonomy":"category","embeddable":true,"href":"https:\/\/www.noticiasmas.com.ar\/index.php\/wp-json\/wp\/v2\/categories?post=17404"},{"taxonomy":"post_tag","embeddable":true,"href":"https:\/\/www.noticiasmas.com.ar\/index.php\/wp-json\/wp\/v2\/tags?post=17404"}],"curies":[{"name":"wp","href":"https:\/\/api.w.org\/{rel}","templated":true}]}}