{"id":17405,"date":"2025-09-01T09:16:35","date_gmt":"2025-09-01T12:16:35","guid":{"rendered":"https:\/\/www.noticiasmas.com.ar\/?p=17405"},"modified":"2025-09-01T09:16:38","modified_gmt":"2025-09-01T12:16:38","slug":"maria-teresa-inundacion-evacuados-y-clases-suspendidas-tras-la-tormenta","status":"publish","type":"post","link":"https:\/\/www.noticiasmas.com.ar\/index.php\/2025\/09\/01\/maria-teresa-inundacion-evacuados-y-clases-suspendidas-tras-la-tormenta\/","title":{"rendered":"Mar\u00eda Teresa: inundaci\u00f3n, evacuados y clases suspendidas tras la tormenta"},"content":{"rendered":"\n<p>La localidad de Mar\u00eda Teresa atraviesa una grave situaci\u00f3n tras las \u00faltimas precipitaciones registradas entre la jornada del s\u00e1bado y la madrugada de este domingo. En apenas 24 horas cayeron 290 mil\u00edmetros, volumen que provoc\u00f3 el anegamiento de gran parte del casco urbano y oblig\u00f3 a evacuar a varias familias.<\/p>\n\n\n\n<p>Desde la Comuna se inform\u00f3 que se trabaja junto a Bomberos Voluntarios, Protecci\u00f3n Civil y organismos provinciales en tareas de asistencia, rescate y relevamiento, priorizando la seguridad de los vecinos.<\/p>\n\n\n\n<p>El presidente comunal, Gonzalo Goyechea, en di\u00e1logo con Sur24, describi\u00f3 la magnitud del temporal: \u201cNo te puedo precisar la cantidad de evacuados, centenares de casas que est\u00e1n algunas con m\u00e1s, otras con menos agua, pero much\u00edsimas. No hay ning\u00fan caso problem\u00e1tico de salud, pero son muchos evacuados y autoevacuados que se alojan en casas de familiares. En los centros comunales habr\u00e1 unas diez familias, pero son much\u00edsimas m\u00e1s\u201d.<\/p>\n\n\n\n<p>En las \u00faltimas horas, la Comuna difundi\u00f3 comunicados en los que solicit\u00f3 a los vecinos no salir de sus hogares hasta que el agua comience a retirarse y mantenerse informados \u00fanicamente a trav\u00e9s de los canales oficiales. Asimismo, se dispusieron tel\u00e9fonos de emergencia para quienes necesiten asistencia.<\/p>\n\n\n\n<p>En el parte oficial se remarc\u00f3: \u201cLa situaci\u00f3n en Mar\u00eda Teresa es muy complicada, pero estamos trabajando intensamente junto a Bomberos Voluntarios de Mar\u00eda Teresa y de la regi\u00f3n, Defensa Civil y el Gobierno provincial. Agradecemos especialmente a los bomberos y empleados comunales, que a pesar de tener agua en sus propias casas, est\u00e1n trabajando sin descanso desde la madrugada\u201d.<\/p>\n","protected":false},"excerpt":{"rendered":"<p>La localidad de Mar\u00eda Teresa atraviesa una grave situaci\u00f3n tras las \u00faltimas precipitaciones registradas entre la jornada del s\u00e1bado y la madrugada de este domingo. En apenas 24 horas cayeron 290 mil\u00edmetros, volumen que provoc\u00f3 el anegamiento de gran parte del casco urbano y oblig\u00f3 a evacuar a varias familias. Desde la Comuna se inform\u00f3 [&hellip;]<\/p>\n","protected":false},"author":8,"featured_media":17407,"comment_status":"closed","ping_status":"open","sticky":false,"template":"","format":"standard","meta":{"tdm_status":"","tdm_grid_status":"","footnotes":""},"categories":[13],"tags":[5229,1979,5227,5228],"class_list":{"0":"post-17405","1":"post","2":"type-post","3":"status-publish","4":"format-standard","5":"has-post-thumbnail","7":"category-region","8":"tag-evacuados","9":"tag-inundaciones","10":"tag-llucias","11":"tag-maria-teresa"},"_links":{"self":[{"href":"https:\/\/www.noticiasmas.com.ar\/index.php\/wp-json\/wp\/v2\/posts\/17405","targetHints":{"allow":["GET"]}}],"collection":[{"href":"https:\/\/www.noticiasmas.com.ar\/index.php\/wp-json\/wp\/v2\/posts"}],"about":[{"href":"https:\/\/www.noticiasmas.com.ar\/index.php\/wp-json\/wp\/v2\/types\/post"}],"author":[{"embeddable":true,"href":"https:\/\/www.noticiasmas.com.ar\/index.php\/wp-json\/wp\/v2\/users\/8"}],"replies":[{"embeddable":true,"href":"https:\/\/www.noticiasmas.com.ar\/index.php\/wp-json\/wp\/v2\/comments?post=17405"}],"version-history":[{"count":1,"href":"https:\/\/www.noticiasmas.com.ar\/index.php\/wp-json\/wp\/v2\/posts\/17405\/revisions"}],"predecessor-version":[{"id":17408,"href":"https:\/\/www.noticiasmas.com.ar\/index.php\/wp-json\/wp\/v2\/posts\/17405\/revisions\/17408"}],"wp:featuredmedia":[{"embeddable":true,"href":"https:\/\/www.noticiasmas.com.ar\/index.php\/wp-json\/wp\/v2\/media\/17407"}],"wp:attachment":[{"href":"https:\/\/www.noticiasmas.com.ar\/index.php\/wp-json\/wp\/v2\/media?parent=17405"}],"wp:term":[{"taxonomy":"category","embeddable":true,"href":"https:\/\/www.noticiasmas.com.ar\/index.php\/wp-json\/wp\/v2\/categories?post=17405"},{"taxonomy":"post_tag","embeddable":true,"href":"https:\/\/www.noticiasmas.com.ar\/index.php\/wp-json\/wp\/v2\/tags?post=17405"}],"curies":[{"name":"wp","href":"https:\/\/api.w.org\/{rel}","templated":true}]}}