{"id":17415,"date":"2025-09-01T12:19:37","date_gmt":"2025-09-01T15:19:37","guid":{"rendered":"https:\/\/www.noticiasmas.com.ar\/?p=17415"},"modified":"2025-09-01T12:19:40","modified_gmt":"2025-09-01T15:19:40","slug":"el-carcarana-continuara-creciendo-desde-cruz-alta-y-se-monitorea-la-situacion-en-las-localidades-aledanas","status":"publish","type":"post","link":"https:\/\/www.noticiasmas.com.ar\/index.php\/2025\/09\/01\/el-carcarana-continuara-creciendo-desde-cruz-alta-y-se-monitorea-la-situacion-en-las-localidades-aledanas\/","title":{"rendered":"El Carcara\u00f1\u00e1 continuar\u00e1 creciendo desde Cruz Alta y se monitorea la situaci\u00f3n en las localidades aleda\u00f1as\u00a0"},"content":{"rendered":"\n<p>El r\u00edo Carcara\u00f1\u00e1 tiene hoy 7,20 metros de altura y las localidades aleda\u00f1as aguardan por la situaci\u00f3n en el este de la provincia de C\u00f3rdoba.&nbsp;<\/p>\n\n\n\n<p>Desde los Bomberos Voluntarios de Oliveros confirmaron la medici\u00f3n de este lunes por la ma\u00f1ana, la cual se encuentra \u201cunos 60 cent\u00edmetros por encima de su nivel de desborde\u201d.<\/p>\n\n\n\n<p>\u201cAyer (domingo) a la tarde se auto evacuaron, se trasladaron a casas de familiares, 15 familias contabilizadas y algunas otras m\u00e1s que lo hicieron por sus propios medios\u201d, detall\u00f3 Esteban Jimenez a Noticias Mas.&nbsp;<\/p>\n\n\n\n<p>Las intensas lluvias que se suscitaron este fin de semana en el centro del pa\u00eds provocaron un crecimiento extraordinario del r\u00edo Carcara\u00f1\u00e1, el cual se alimenta principalmente de las aguas de los r\u00edos Tercero y Las Tortugas.&nbsp;<\/p>\n\n\n\n<p>All\u00ed, en el este cordob\u00e9s, llovieron 330 mil\u00edmetros en menos de 24 horas, casi la totalidad de las precipitaciones anuales en una sola jornada. Por este panorama, esperan que el r\u00edo siga creciendo al menos durante la jornada del lunes y del martes.&nbsp;<\/p>\n\n\n\n<p>\u201cLa complicaci\u00f3n de que siga subiendo el r\u00edo es que en algunas casas puede llegar a entrar agua que todav\u00eda no entr\u00f3. De todos modos, la gente m\u00e1s complicada ya est\u00e1 auto evacuada. Las casas que quedan hay algunas casas de fin de semana que tenemos cerca de la costa que pueden llegar a sufrir la inundaci\u00f3n pero afortunadamente sin personas\u201d, agreg\u00f3 el bombero.&nbsp;<\/p>\n\n\n\n<p>Mientras tanto, la Comuna de Oliveros, los Bomberos Voluntarios y la polic\u00eda de la comisar\u00eda 12\u00b0 trabajan de forma mancomunada para controlar alguna hipot\u00e9tica situaci\u00f3n de emergencia, aunque afortunadamente ya sin el apremio de nuevas lluvias por lo menos en la regi\u00f3n.&nbsp;<\/p>\n\n\n\n<p>\u201cLas tres fuerzas trabajan de forma mancomunada: la comisar\u00eda por el tema del control del orden, porque por ejemplo tuvimos en un momento agua sobre el asfalto de la 11 y un cami\u00f3n hab\u00eda quedado parado; la comuna se encarga de las evacuaciones y bomberos con una dotaci\u00f3n por alguna situaci\u00f3n de emergencia digamos ya de mayor riesgo\u201d, concluy\u00f3 Jimenez.<\/p>\n","protected":false},"excerpt":{"rendered":"<p>El r\u00edo Carcara\u00f1\u00e1 tiene hoy 7,20 metros de altura y las localidades aleda\u00f1as aguardan por la situaci\u00f3n en el este de la provincia de C\u00f3rdoba.&nbsp; Desde los Bomberos Voluntarios de Oliveros confirmaron la medici\u00f3n de este lunes por la ma\u00f1ana, la cual se encuentra \u201cunos 60 cent\u00edmetros por encima de su nivel de desborde\u201d. \u201cAyer [&hellip;]<\/p>\n","protected":false},"author":9,"featured_media":17416,"comment_status":"closed","ping_status":"open","sticky":false,"template":"","format":"standard","meta":{"tdm_status":"","tdm_grid_status":"","footnotes":""},"categories":[9],"tags":[349,1979,392,491],"class_list":{"0":"post-17415","1":"post","2":"type-post","3":"status-publish","4":"format-standard","5":"has-post-thumbnail","7":"category-policiales","8":"tag-bomberos-voluntarios","9":"tag-inundaciones","10":"tag-lluvias","11":"tag-oliveros"},"_links":{"self":[{"href":"https:\/\/www.noticiasmas.com.ar\/index.php\/wp-json\/wp\/v2\/posts\/17415","targetHints":{"allow":["GET"]}}],"collection":[{"href":"https:\/\/www.noticiasmas.com.ar\/index.php\/wp-json\/wp\/v2\/posts"}],"about":[{"href":"https:\/\/www.noticiasmas.com.ar\/index.php\/wp-json\/wp\/v2\/types\/post"}],"author":[{"embeddable":true,"href":"https:\/\/www.noticiasmas.com.ar\/index.php\/wp-json\/wp\/v2\/users\/9"}],"replies":[{"embeddable":true,"href":"https:\/\/www.noticiasmas.com.ar\/index.php\/wp-json\/wp\/v2\/comments?post=17415"}],"version-history":[{"count":1,"href":"https:\/\/www.noticiasmas.com.ar\/index.php\/wp-json\/wp\/v2\/posts\/17415\/revisions"}],"predecessor-version":[{"id":17417,"href":"https:\/\/www.noticiasmas.com.ar\/index.php\/wp-json\/wp\/v2\/posts\/17415\/revisions\/17417"}],"wp:featuredmedia":[{"embeddable":true,"href":"https:\/\/www.noticiasmas.com.ar\/index.php\/wp-json\/wp\/v2\/media\/17416"}],"wp:attachment":[{"href":"https:\/\/www.noticiasmas.com.ar\/index.php\/wp-json\/wp\/v2\/media?parent=17415"}],"wp:term":[{"taxonomy":"category","embeddable":true,"href":"https:\/\/www.noticiasmas.com.ar\/index.php\/wp-json\/wp\/v2\/categories?post=17415"},{"taxonomy":"post_tag","embeddable":true,"href":"https:\/\/www.noticiasmas.com.ar\/index.php\/wp-json\/wp\/v2\/tags?post=17415"}],"curies":[{"name":"wp","href":"https:\/\/api.w.org\/{rel}","templated":true}]}}