{"id":17424,"date":"2025-09-01T16:34:00","date_gmt":"2025-09-01T19:34:00","guid":{"rendered":"https:\/\/www.noticiasmas.com.ar\/?p=17424"},"modified":"2025-09-01T16:34:03","modified_gmt":"2025-09-01T19:34:03","slug":"nuevos-aumentos-en-el-peaje-de-la-autopista-rosario-santa-fe-90-en-lo-que-va-de-este-2025","status":"publish","type":"post","link":"https:\/\/www.noticiasmas.com.ar\/index.php\/2025\/09\/01\/nuevos-aumentos-en-el-peaje-de-la-autopista-rosario-santa-fe-90-en-lo-que-va-de-este-2025\/","title":{"rendered":"Nuevos aumentos en el peaje de la autopista Rosario \u2013 Santa Fe: 90% en lo que va de este 2025"},"content":{"rendered":"\n<p>Desde este lunes 1\u00b0 de septiembre comenz\u00f3 a regir un nuevo cuadro tarifario en la autopista que conecta Rosario con Santa Fe, con incrementos que impactan en todas las categor\u00edas de veh\u00edculos. Las subas oscilan entre el 25 y el 30% en promedio respecto de los valores que estaban vigentes hasta agosto, y se suman al 60% que ya hab\u00eda tenido de aumento durante el mes de marzo. <\/p>\n\n\n\n<p>En el caso de autos y camionetas (Categor\u00eda 1), el paso troncal pas\u00f3 de $2.000 a $2.500. En los accesos a la ciudad de San Lorenzo, \u00fanica localidad a lo largo de la traza que debe abonar por acceder, pas\u00f3 de $800 a $1.000 y el complemento de $1.200 a $1.500. <\/p>\n\n\n\n<p>Para los veh\u00edculos de Categor\u00eda 2, las tarifas escalaron a $5.000 en el troncal, $2.000 en el acceso y $3.000 en el complemento.<\/p>\n\n\n\n<p>Las categor\u00edas superiores registraron los mayores aumentos. Los transportes de Categor\u00eda 4 deben abonar $10.500 en el troncal, $4.500 en el acceso y $6.000 en el complemento. En tanto, los pesados de Categor\u00eda 6 afrontan los valores m\u00e1s elevados: $17.500 en el troncal, $7.000 en el acceso y $10.500 en el complemento.<\/p>\n\n\n\n<p><\/p>\n","protected":false},"excerpt":{"rendered":"<p>Desde este lunes 1\u00b0 de septiembre comenz\u00f3 a regir un nuevo cuadro tarifario en la autopista que conecta Rosario con Santa Fe, con incrementos que impactan en todas las categor\u00edas de veh\u00edculos. Las subas oscilan entre el 25 y el 30% en promedio respecto de los valores que estaban vigentes hasta agosto, y se suman [&hellip;]<\/p>\n","protected":false},"author":9,"featured_media":17425,"comment_status":"closed","ping_status":"open","sticky":false,"template":"","format":"standard","meta":{"tdm_status":"","tdm_grid_status":"","footnotes":""},"categories":[14],"tags":[76,2248,18],"class_list":{"0":"post-17424","1":"post","2":"type-post","3":"status-publish","4":"format-standard","5":"has-post-thumbnail","7":"category-provinciales","8":"tag-aumentos","9":"tag-provinciales","10":"tag-santa-fe"},"_links":{"self":[{"href":"https:\/\/www.noticiasmas.com.ar\/index.php\/wp-json\/wp\/v2\/posts\/17424","targetHints":{"allow":["GET"]}}],"collection":[{"href":"https:\/\/www.noticiasmas.com.ar\/index.php\/wp-json\/wp\/v2\/posts"}],"about":[{"href":"https:\/\/www.noticiasmas.com.ar\/index.php\/wp-json\/wp\/v2\/types\/post"}],"author":[{"embeddable":true,"href":"https:\/\/www.noticiasmas.com.ar\/index.php\/wp-json\/wp\/v2\/users\/9"}],"replies":[{"embeddable":true,"href":"https:\/\/www.noticiasmas.com.ar\/index.php\/wp-json\/wp\/v2\/comments?post=17424"}],"version-history":[{"count":1,"href":"https:\/\/www.noticiasmas.com.ar\/index.php\/wp-json\/wp\/v2\/posts\/17424\/revisions"}],"predecessor-version":[{"id":17426,"href":"https:\/\/www.noticiasmas.com.ar\/index.php\/wp-json\/wp\/v2\/posts\/17424\/revisions\/17426"}],"wp:featuredmedia":[{"embeddable":true,"href":"https:\/\/www.noticiasmas.com.ar\/index.php\/wp-json\/wp\/v2\/media\/17425"}],"wp:attachment":[{"href":"https:\/\/www.noticiasmas.com.ar\/index.php\/wp-json\/wp\/v2\/media?parent=17424"}],"wp:term":[{"taxonomy":"category","embeddable":true,"href":"https:\/\/www.noticiasmas.com.ar\/index.php\/wp-json\/wp\/v2\/categories?post=17424"},{"taxonomy":"post_tag","embeddable":true,"href":"https:\/\/www.noticiasmas.com.ar\/index.php\/wp-json\/wp\/v2\/tags?post=17424"}],"curies":[{"name":"wp","href":"https:\/\/api.w.org\/{rel}","templated":true}]}}