{"id":17479,"date":"2025-09-02T20:16:06","date_gmt":"2025-09-02T23:16:06","guid":{"rendered":"https:\/\/www.noticiasmas.com.ar\/?p=17479"},"modified":"2025-09-02T20:16:09","modified_gmt":"2025-09-02T23:16:09","slug":"salud-laboral-en-santa-fe-otro-paso-hacia-la-precariedad-de-la-vida","status":"publish","type":"post","link":"https:\/\/www.noticiasmas.com.ar\/index.php\/2025\/09\/02\/salud-laboral-en-santa-fe-otro-paso-hacia-la-precariedad-de-la-vida\/","title":{"rendered":"Salud laboral en Santa Fe: otro paso hacia la precariedad de la vida"},"content":{"rendered":"\n<p>ATE Rosario expresa en un comunicado, su preocupaci\u00f3n ante la posibilidad de que el gobierno de Maximiliano Pullaro implemente tercerizaciones en el \u00e1rea de licencias m\u00e9dicas, incluso de salud mental y de reconocimiento de enfermedades profesionales en el Estado. Este mi\u00e9rcoles se convoca a una marcha desde el Cemar a las 18.30 hs. <\/p>\n\n\n\n<p><br>&#8220;Nuestro gremio expresa una profunda preocupaci\u00f3n ante la posibilidad de que una empresa privada bajo supervisi\u00f3n del Ministerio de Econom\u00eda pueda tomar a su cargo el \u00e1rea Salud Laboral en toda la provincia, tarea hasta el momento desarrollada por trabajadores y trabajadoras enmarcados en el r\u00e9gimen de carrera y con estabilidad laboral. Si la privatizaci\u00f3n se concreta habr\u00e1 traslado de funciones de empleados de planta y s\u00f3lo permanecer\u00e1n en el \u00e1rea un grupo de empleados provinciales m\u00e9dicos exclusivamente para juntas m\u00e9dicas. La prevenci\u00f3n sanitaria no puede ser gestionada por el Ministerio de Econom\u00eda. Este cambio busca deshumanizar el control m\u00e9dico&#8221;, se\u00f1alaron.<\/p>\n\n\n\n<p><br>&#8220;El objetivo del gobierno es que las y los empleados provinciales trabajen aun estando enfermos, mientras el sistema se sobrecarga y produce malas condiciones laborales que repercuten en la salud psico-f\u00edsica de todos. Se supeditar\u00e1n los criterios cl\u00ednicos a la l\u00f3gica de la productividad. Adem\u00e1s, el intempestivo cambio lleg\u00f3 con falta de publicidad y claridad a la hora de informar mediante circulares a las \u00e1reas directivas.<\/p>\n\n\n\n<p><br>Esta modificaci\u00f3n regresiva desde lo humano, lo \u00e9tico, lo pol\u00edtico, lo profesional y procedimental, es parte de un nuevo desprecio a la situaci\u00f3n cr\u00edtica en la que nos encontramos las y los trabajadores santafesinos con los bajos salarios, el pluriempleo, la sobrecarga por falta de personal y la angustia por carencia de insumos b\u00e1sicos en diversos sectores&#8221; remarca el escrito.<\/p>\n\n\n\n<p><br>&#8220;Se deja de lado as\u00ed que existe una ruptura de los cuerpos y mentes de quienes durante a\u00f1os trabajan en la precariedad antes de poder pasar a planta. Hay quienes llevan una d\u00e9cada de trabajo en condiciones insostenibles antes de lograr estabilidad. A eso hay que sumar la carencia de comit\u00e9s mixtos de seguridad e higiene en los distintos niveles del Estado, pese a ser Santa Fe pionera en la legislaci\u00f3n al respecto. Actualmente no existe un sistema de prevenci\u00f3n de accidentes ni enfermedades laborales en las tareas que se desarrollan en el Estado. Tampoco para la violencia laboral que se sufre y replica en momentos de extrema demanda&#8221; destacaron desde el gremio.<br><\/p>\n\n\n\n<p>&#8220;Por otra parte, queremos plantear nuestra seria inquietud acerca de la efectividad y seguridad de datos personales al implementar el correo electr\u00f3nico como \u00fanica forma de acceder a licencias. No nos oponemos a la digitalizaci\u00f3n, si \u00e9sta se realiza mediante un sistema que otorgue n\u00famero de expediente y proteja los datos personales. Ya han existido casos, a\u00fan con presentaci\u00f3n de papeles f\u00edsicos, de rechazos de licencias luego de ser tomadas, con el consecuente impacto salarial por los descuentos&#8221;.<\/p>\n\n\n\n<p><br>&#8220;Planteamos la urgente necesidad de descentralizaci\u00f3n para democratizar, facilitar el acceso y garantizar el derecho a no trabajar con padecimientos del orden f\u00edsico y psiqui\u00e1trico. Vale resaltar que actualmente los gastos de traslado desde el interior de la provincia son imposibles de costear para muchas personas que deben venir a Rosario por controles o Juntas M\u00e9dicas.<br>\u00a1Repudiamos la tercerizaci\u00f3n del servicio de salud laboral en Santa Fe!<br>\u00a1La salud es un derecho! \u00a1Basta de ajustes!&#8221;, sostuvieron.<\/p>\n\n\n\n<p>Para finalizar, el comunicado de ATE Rosario reclama:<\/p>\n\n\n\n<p>Por salarios dignos<br>Por condiciones dignas de trabajo<br>Por un sistema integral de protecci\u00f3n y prevenci\u00f3n de enfermedades y accidentes laborales en el Estado.<br>Mayor inversi\u00f3n en infraestructura.<br>Apertura de escalaf\u00f3n de reemplazos en salud.<br>Titularizaciones.<br>No a la mercantilizaci\u00f3n de la Salud.<br>No a la privatizaci\u00f3n de Salud Laboral.<br>Basta de ajuste.<\/p>\n","protected":false},"excerpt":{"rendered":"<p>ATE Rosario expresa en un comunicado, su preocupaci\u00f3n ante la posibilidad de que el gobierno de Maximiliano Pullaro implemente tercerizaciones en el \u00e1rea de licencias m\u00e9dicas, incluso de salud mental y de reconocimiento de enfermedades profesionales en el Estado. Este mi\u00e9rcoles se convoca a una marcha desde el Cemar a las 18.30 hs. &#8220;Nuestro gremio [&hellip;]<\/p>\n","protected":false},"author":5,"featured_media":17480,"comment_status":"closed","ping_status":"open","sticky":false,"template":"","format":"standard","meta":{"tdm_status":"","tdm_grid_status":"","footnotes":""},"categories":[13],"tags":[897,528,5259,163,5167],"class_list":{"0":"post-17479","1":"post","2":"type-post","3":"status-publish","4":"format-standard","5":"has-post-thumbnail","7":"category-region","8":"tag-ate","9":"tag-marcha","10":"tag-no-a-la-mercantilizacion-de-la-salud","11":"tag-rosario","12":"tag-salud-laboral"},"_links":{"self":[{"href":"https:\/\/www.noticiasmas.com.ar\/index.php\/wp-json\/wp\/v2\/posts\/17479","targetHints":{"allow":["GET"]}}],"collection":[{"href":"https:\/\/www.noticiasmas.com.ar\/index.php\/wp-json\/wp\/v2\/posts"}],"about":[{"href":"https:\/\/www.noticiasmas.com.ar\/index.php\/wp-json\/wp\/v2\/types\/post"}],"author":[{"embeddable":true,"href":"https:\/\/www.noticiasmas.com.ar\/index.php\/wp-json\/wp\/v2\/users\/5"}],"replies":[{"embeddable":true,"href":"https:\/\/www.noticiasmas.com.ar\/index.php\/wp-json\/wp\/v2\/comments?post=17479"}],"version-history":[{"count":1,"href":"https:\/\/www.noticiasmas.com.ar\/index.php\/wp-json\/wp\/v2\/posts\/17479\/revisions"}],"predecessor-version":[{"id":17481,"href":"https:\/\/www.noticiasmas.com.ar\/index.php\/wp-json\/wp\/v2\/posts\/17479\/revisions\/17481"}],"wp:featuredmedia":[{"embeddable":true,"href":"https:\/\/www.noticiasmas.com.ar\/index.php\/wp-json\/wp\/v2\/media\/17480"}],"wp:attachment":[{"href":"https:\/\/www.noticiasmas.com.ar\/index.php\/wp-json\/wp\/v2\/media?parent=17479"}],"wp:term":[{"taxonomy":"category","embeddable":true,"href":"https:\/\/www.noticiasmas.com.ar\/index.php\/wp-json\/wp\/v2\/categories?post=17479"},{"taxonomy":"post_tag","embeddable":true,"href":"https:\/\/www.noticiasmas.com.ar\/index.php\/wp-json\/wp\/v2\/tags?post=17479"}],"curies":[{"name":"wp","href":"https:\/\/api.w.org\/{rel}","templated":true}]}}