{"id":17513,"date":"2025-09-03T19:19:42","date_gmt":"2025-09-03T22:19:42","guid":{"rendered":"https:\/\/www.noticiasmas.com.ar\/?p=17513"},"modified":"2025-09-03T19:19:44","modified_gmt":"2025-09-03T22:19:44","slug":"los-judiciales-nacionales-realizan-nueva-medida-de-fuerza-este-jueves-que-tendra-alto-impacto-en-rosario","status":"publish","type":"post","link":"https:\/\/www.noticiasmas.com.ar\/index.php\/2025\/09\/03\/los-judiciales-nacionales-realizan-nueva-medida-de-fuerza-este-jueves-que-tendra-alto-impacto-en-rosario\/","title":{"rendered":"LOS JUDICIALES NACIONALES REALIZAN NUEVA MEDIDA DE FUERZA ESTE JUEVES QUE TENDR\u00c1 ALTO IMPACTO EN ROSARIO"},"content":{"rendered":"\n<p>La Uni\u00f3n de Empleados de la Justicia de la Naci\u00f3n (UEJN), anunci\u00f3 un nuevo cese de actividades, bajo la modalidad de \u00abbanderazo nacional\u00bb, para el jueves 4 de septiembre desde las 10:30 hs.<\/p>\n\n\n\n<p>La medida de fuerza busca presionar al Gobierno de Javier Milei en el marco del conflicto salarial que mantiene el gremio desde el inicio de la gesti\u00f3n libertaria.<\/p>\n\n\n\n<p>En Rosario, se ver\u00e1 afectado la atenci\u00f3n en los Tribunales Federales de calle Oro\u00f1o al 900 y de Entre Rios al 400 y otras dependencias nacionales<\/p>\n\n\n\n<p>Desde la 10.30 horas de este pr\u00f3ximo jueves la UEJN \u2013 regional Rosario- se har\u00e1 sentir fundamentalmente en los tribunales de Oro\u00f1o con el banderazo programado<\/p>\n\n\n\n<p>Recordemos que la entidad gremial a nivel nacional viene de una huelga el pasado viernes 29 de agosto, con amplio acatamiento en todo el pa\u00eds. La principal demanda es el reconocimiento de un 4,8% de p\u00e9rdida del poder adquisitivo de los salarios frente a la inflaci\u00f3n durante el primer semestre de 2025.<\/p>\n\n\n\n<p>Si bien la Corte Suprema de Justicia de la Naci\u00f3n (CSJN) oficializ\u00f3 un aumento del 1,9% para julio, la UEJN considera que este monto es insuficiente para revertir el deterioro salarial acumulado, que desde diciembre de 2023 ya alcanza el 29,2%.<\/p>\n\n\n\n<p>Asimismo la UEJN incluye otras reivindicaciones clave. El gremio se opone de manera contundente al traspaso de la Justicia Nacional a la \u00f3rbita de la Ciudad de Buenos Aires (CABA) y a los proyectos que ponen en riesgo las jubilaciones de los trabajadores judiciales.<\/p>\n","protected":false},"excerpt":{"rendered":"<p>La Uni\u00f3n de Empleados de la Justicia de la Naci\u00f3n (UEJN), anunci\u00f3 un nuevo cese de actividades, bajo la modalidad de \u00abbanderazo nacional\u00bb, para el jueves 4 de septiembre desde las 10:30 hs. La medida de fuerza busca presionar al Gobierno de Javier Milei en el marco del conflicto salarial que mantiene el gremio desde [&hellip;]<\/p>\n","protected":false},"author":5,"featured_media":17514,"comment_status":"closed","ping_status":"open","sticky":false,"template":"","format":"standard","meta":{"tdm_status":"","tdm_grid_status":"","footnotes":""},"categories":[1],"tags":[324,5270,4602,228],"class_list":{"0":"post-17513","1":"post","2":"type-post","3":"status-publish","4":"format-standard","5":"has-post-thumbnail","7":"category-nacionales","8":"tag-argentina","9":"tag-banderazo-nacional","10":"tag-judiciales-nacionales","11":"tag-medida-de-fuerza"},"_links":{"self":[{"href":"https:\/\/www.noticiasmas.com.ar\/index.php\/wp-json\/wp\/v2\/posts\/17513","targetHints":{"allow":["GET"]}}],"collection":[{"href":"https:\/\/www.noticiasmas.com.ar\/index.php\/wp-json\/wp\/v2\/posts"}],"about":[{"href":"https:\/\/www.noticiasmas.com.ar\/index.php\/wp-json\/wp\/v2\/types\/post"}],"author":[{"embeddable":true,"href":"https:\/\/www.noticiasmas.com.ar\/index.php\/wp-json\/wp\/v2\/users\/5"}],"replies":[{"embeddable":true,"href":"https:\/\/www.noticiasmas.com.ar\/index.php\/wp-json\/wp\/v2\/comments?post=17513"}],"version-history":[{"count":1,"href":"https:\/\/www.noticiasmas.com.ar\/index.php\/wp-json\/wp\/v2\/posts\/17513\/revisions"}],"predecessor-version":[{"id":17515,"href":"https:\/\/www.noticiasmas.com.ar\/index.php\/wp-json\/wp\/v2\/posts\/17513\/revisions\/17515"}],"wp:featuredmedia":[{"embeddable":true,"href":"https:\/\/www.noticiasmas.com.ar\/index.php\/wp-json\/wp\/v2\/media\/17514"}],"wp:attachment":[{"href":"https:\/\/www.noticiasmas.com.ar\/index.php\/wp-json\/wp\/v2\/media?parent=17513"}],"wp:term":[{"taxonomy":"category","embeddable":true,"href":"https:\/\/www.noticiasmas.com.ar\/index.php\/wp-json\/wp\/v2\/categories?post=17513"},{"taxonomy":"post_tag","embeddable":true,"href":"https:\/\/www.noticiasmas.com.ar\/index.php\/wp-json\/wp\/v2\/tags?post=17513"}],"curies":[{"name":"wp","href":"https:\/\/api.w.org\/{rel}","templated":true}]}}