{"id":17533,"date":"2025-09-04T09:51:50","date_gmt":"2025-09-04T12:51:50","guid":{"rendered":"https:\/\/www.noticiasmas.com.ar\/?p=17533"},"modified":"2025-09-04T10:13:49","modified_gmt":"2025-09-04T13:13:49","slug":"carcarana-45-evacuados-por-la-crecida-del-rio-que-va-camino-a-su-estabilizacion-pese-a-su-extraordinaria-crecida","status":"publish","type":"post","link":"https:\/\/www.noticiasmas.com.ar\/index.php\/2025\/09\/04\/carcarana-45-evacuados-por-la-crecida-del-rio-que-va-camino-a-su-estabilizacion-pese-a-su-extraordinaria-crecida\/","title":{"rendered":"Carcara\u00f1\u00e1: 45 evacuados por la crecida del r\u00edo que va camino a su estabilizaci\u00f3n pese a su extraordinaria crecida"},"content":{"rendered":"\n<p>La crecida del r\u00edo Carcara\u00f1\u00e1 producto de las \u00faltimas tormentas de este fin de semana provocaron 45 evacuados en la localidad hom\u00f3nima, donde la corriente avanz\u00f3 imponentemente sobre la vieja ruta 9 y en zonas donde algunos vecinos viven a la vera del curso de agua.&nbsp;<\/p>\n\n\n\n<p>La \u00faltima medici\u00f3n ubicaba al r\u00edo en una altura superior a los 8 metros, la cual pese a primeras estimaciones sobre un descenso en su caudal, sigui\u00f3 creciendo producto de la gran cantidad de agua que brindaron sus afluentes en la zona del este de la provincia de C\u00f3rdoba.<\/p>\n\n\n\n<p>En Oliveros, 15 familias se hab\u00edan evacuado a comienzos de la semana. El mi\u00e9rcoles, otras dos familias hicieron lo mismo en la zona del barrio Villa Elvira de Timb\u00faes, la m\u00e1s cercana al Carcara\u00f1\u00e1.<\/p>\n\n\n\n<p>En la Ruta Nacional N\u00b011, el r\u00edo se acerc\u00f3 a medio metro del puente que une Timb\u00faes con Villa la Ribera, mostrando su cara m\u00e1s voraz y peligrosa ante un posible avance hacia la regi\u00f3n.<\/p>\n\n\n\n<p>La Secretar\u00eda de Recursos H\u00eddricos de la provincia espera que el r\u00edo comience a bajar su caudal en las pr\u00f3ximas horas. Mientras tanto, la ruta 9, entre Carcara\u00f1\u00e1 y Correa, estar\u00e1 cortada al menos un mes hasta que se eval\u00faen las condiciones del puente que une ambas localidades.&nbsp;<\/p>\n\n\n\n<p>Tambi\u00e9n se esperan algunas evaluaciones al puente de la ruta 11, ya que tambi\u00e9n ha sido alcanzado por un curso de agua sumamente potente.<\/p>\n\n\n\n<p><\/p>\n","protected":false},"excerpt":{"rendered":"<p>La crecida del r\u00edo Carcara\u00f1\u00e1 producto de las \u00faltimas tormentas de este fin de semana provocaron 45 evacuados en la localidad hom\u00f3nima, donde la corriente avanz\u00f3 imponentemente sobre la vieja ruta 9 y en zonas donde algunos vecinos viven a la vera del curso de agua.&nbsp; La \u00faltima medici\u00f3n ubicaba al r\u00edo en una altura [&hellip;]<\/p>\n","protected":false},"author":9,"featured_media":17534,"comment_status":"closed","ping_status":"open","sticky":false,"template":"","format":"standard","meta":{"tdm_status":"","tdm_grid_status":"","footnotes":""},"categories":[14],"tags":[2749,5229,2248,3940,1074,2727],"class_list":{"0":"post-17533","1":"post","2":"type-post","3":"status-publish","4":"format-standard","5":"has-post-thumbnail","7":"category-provinciales","8":"tag-carcarana","9":"tag-evacuados","10":"tag-provinciales","11":"tag-rio","12":"tag-ruta-11","13":"tag-ruta-9"},"_links":{"self":[{"href":"https:\/\/www.noticiasmas.com.ar\/index.php\/wp-json\/wp\/v2\/posts\/17533","targetHints":{"allow":["GET"]}}],"collection":[{"href":"https:\/\/www.noticiasmas.com.ar\/index.php\/wp-json\/wp\/v2\/posts"}],"about":[{"href":"https:\/\/www.noticiasmas.com.ar\/index.php\/wp-json\/wp\/v2\/types\/post"}],"author":[{"embeddable":true,"href":"https:\/\/www.noticiasmas.com.ar\/index.php\/wp-json\/wp\/v2\/users\/9"}],"replies":[{"embeddable":true,"href":"https:\/\/www.noticiasmas.com.ar\/index.php\/wp-json\/wp\/v2\/comments?post=17533"}],"version-history":[{"count":2,"href":"https:\/\/www.noticiasmas.com.ar\/index.php\/wp-json\/wp\/v2\/posts\/17533\/revisions"}],"predecessor-version":[{"id":17537,"href":"https:\/\/www.noticiasmas.com.ar\/index.php\/wp-json\/wp\/v2\/posts\/17533\/revisions\/17537"}],"wp:featuredmedia":[{"embeddable":true,"href":"https:\/\/www.noticiasmas.com.ar\/index.php\/wp-json\/wp\/v2\/media\/17534"}],"wp:attachment":[{"href":"https:\/\/www.noticiasmas.com.ar\/index.php\/wp-json\/wp\/v2\/media?parent=17533"}],"wp:term":[{"taxonomy":"category","embeddable":true,"href":"https:\/\/www.noticiasmas.com.ar\/index.php\/wp-json\/wp\/v2\/categories?post=17533"},{"taxonomy":"post_tag","embeddable":true,"href":"https:\/\/www.noticiasmas.com.ar\/index.php\/wp-json\/wp\/v2\/tags?post=17533"}],"curies":[{"name":"wp","href":"https:\/\/api.w.org\/{rel}","templated":true}]}}