{"id":17538,"date":"2025-09-04T10:20:05","date_gmt":"2025-09-04T13:20:05","guid":{"rendered":"https:\/\/www.noticiasmas.com.ar\/?p=17538"},"modified":"2025-09-04T10:20:08","modified_gmt":"2025-09-04T13:20:08","slug":"granadero-baigorria-se-prepara-para-su-maraton-nocturna-el-proximo-15-de-noviembre","status":"publish","type":"post","link":"https:\/\/www.noticiasmas.com.ar\/index.php\/2025\/09\/04\/granadero-baigorria-se-prepara-para-su-maraton-nocturna-el-proximo-15-de-noviembre\/","title":{"rendered":"Granadero Baigorria se prepara para su marat\u00f3n nocturna el pr\u00f3ximo 15 de noviembre"},"content":{"rendered":"\n<p>La ciudad de Granadero Baigorria se alista para vivir una nueva edici\u00f3n de su tradicional marat\u00f3n nocturna, que se correr\u00e1 el pr\u00f3ximo <strong>15 de noviembre<\/strong> con modalidades de <strong>5 y 10 kil\u00f3metros<\/strong>.<\/p>\n\n\n\n<p>Desde el Municipio destacaron que se trata de un evento pensado para corredores de todos los niveles, con la invitaci\u00f3n a \u201c<strong>desafiarse y disfrutar de una experiencia \u00fanica bajo las estrellas<\/strong>\u201d.<\/p>\n\n\n\n<p>El intendente Adri\u00e1n Maglia subray\u00f3 que la iniciativa trasciende lo deportivo: <em>\u201cLa marat\u00f3n nocturna no es solo una carrera, es una pol\u00edtica integral de promoci\u00f3n de la salud y el bienestar que la municipalidad impulsa para fortalecer la calidad de vida de los vecinos. Tiene como objetivo fomentar h\u00e1bitos saludables, incentivar la actividad f\u00edsica y crear un sentido de pertenencia entre los ciudadanos\u201d<\/em>.<\/p>\n\n\n\n<p>La competencia contar\u00e1 con una importante participaci\u00f3n de corredores locales y de distintas localidades de la regi\u00f3n, lo que la consolida como un cl\u00e1sico del calendario deportivo.<\/p>\n\n\n\n<h3 class=\"wp-block-heading\">Inscripci\u00f3n y kit de carrera<\/h3>\n\n\n\n<p>La inscripci\u00f3n se realizar\u00e1 a trav\u00e9s de la web oficial y, seg\u00fan anticiparon, ser\u00e1 un tr\u00e1mite sencillo. Todos los inscriptos recibir\u00e1n un kit de competencia que incluir\u00e1 la remera oficial y elementos necesarios para la carrera nocturna.<\/p>\n\n\n\n<h3 class=\"wp-block-heading\">Un cierre a pura m\u00fasica<\/h3>\n\n\n\n<p>Como atractivo extra, al finalizar la marat\u00f3n se llevar\u00e1 a cabo una <strong>fiesta retro<\/strong> con m\u00fasica de los a\u00f1os 80 y 90, animada por el reconocido <strong>DJ Edgardo Mancinelli<\/strong>, lo que convertir\u00e1 al evento en una verdadera celebraci\u00f3n para corredores, familias y p\u00fablico en general.<\/p>\n\n\n\n<p>Con deporte, salud y diversi\u00f3n, Baigorria vuelve a brillar en la noche con una propuesta que combina actividad f\u00edsica, comunidad y entretenimiento.<\/p>\n","protected":false},"excerpt":{"rendered":"<p>La ciudad de Granadero Baigorria se alista para vivir una nueva edici\u00f3n de su tradicional marat\u00f3n nocturna, que se correr\u00e1 el pr\u00f3ximo 15 de noviembre con modalidades de 5 y 10 kil\u00f3metros. Desde el Municipio destacaron que se trata de un evento pensado para corredores de todos los niveles, con la invitaci\u00f3n a \u201cdesafiarse y [&hellip;]<\/p>\n","protected":false},"author":9,"featured_media":17540,"comment_status":"closed","ping_status":"open","sticky":false,"template":"","format":"standard","meta":{"tdm_status":"","tdm_grid_status":"","footnotes":""},"categories":[10],"tags":[5160,246,4539],"class_list":{"0":"post-17538","1":"post","2":"type-post","3":"status-publish","4":"format-standard","5":"has-post-thumbnail","7":"category-deportes","8":"tag-atletismo","9":"tag-granadero-baigorria","10":"tag-maraton-2"},"_links":{"self":[{"href":"https:\/\/www.noticiasmas.com.ar\/index.php\/wp-json\/wp\/v2\/posts\/17538","targetHints":{"allow":["GET"]}}],"collection":[{"href":"https:\/\/www.noticiasmas.com.ar\/index.php\/wp-json\/wp\/v2\/posts"}],"about":[{"href":"https:\/\/www.noticiasmas.com.ar\/index.php\/wp-json\/wp\/v2\/types\/post"}],"author":[{"embeddable":true,"href":"https:\/\/www.noticiasmas.com.ar\/index.php\/wp-json\/wp\/v2\/users\/9"}],"replies":[{"embeddable":true,"href":"https:\/\/www.noticiasmas.com.ar\/index.php\/wp-json\/wp\/v2\/comments?post=17538"}],"version-history":[{"count":1,"href":"https:\/\/www.noticiasmas.com.ar\/index.php\/wp-json\/wp\/v2\/posts\/17538\/revisions"}],"predecessor-version":[{"id":17541,"href":"https:\/\/www.noticiasmas.com.ar\/index.php\/wp-json\/wp\/v2\/posts\/17538\/revisions\/17541"}],"wp:featuredmedia":[{"embeddable":true,"href":"https:\/\/www.noticiasmas.com.ar\/index.php\/wp-json\/wp\/v2\/media\/17540"}],"wp:attachment":[{"href":"https:\/\/www.noticiasmas.com.ar\/index.php\/wp-json\/wp\/v2\/media?parent=17538"}],"wp:term":[{"taxonomy":"category","embeddable":true,"href":"https:\/\/www.noticiasmas.com.ar\/index.php\/wp-json\/wp\/v2\/categories?post=17538"},{"taxonomy":"post_tag","embeddable":true,"href":"https:\/\/www.noticiasmas.com.ar\/index.php\/wp-json\/wp\/v2\/tags?post=17538"}],"curies":[{"name":"wp","href":"https:\/\/api.w.org\/{rel}","templated":true}]}}