{"id":17555,"date":"2025-09-04T18:27:33","date_gmt":"2025-09-04T21:27:33","guid":{"rendered":"https:\/\/www.noticiasmas.com.ar\/?p=17555"},"modified":"2025-09-04T18:27:36","modified_gmt":"2025-09-04T21:27:36","slug":"cayo-en-villa-gobernador-galvez-el-segundo-integrante-de-una-banda-acusada-de-robo-en-cordoba","status":"publish","type":"post","link":"https:\/\/www.noticiasmas.com.ar\/index.php\/2025\/09\/04\/cayo-en-villa-gobernador-galvez-el-segundo-integrante-de-una-banda-acusada-de-robo-en-cordoba\/","title":{"rendered":"Cay\u00f3 en Villa Gobernador G\u00e1lvez el segundo integrante de una banda acusada de robo en C\u00f3rdoba"},"content":{"rendered":"\n<p>La PDI arrest\u00f3 a un hombre de 28 a\u00f1os en una serie de allanamientos. Est\u00e1 acusado de participar en un asalto a una vivienda de Villa Rumipal, donde resultaron v\u00edctimas con lesiones. Ya hab\u00eda sido detenido otro integrante de la misma banda.<\/p>\n\n\n\n<p>La Polic\u00eda de Investigaciones (PDI), junto con grupos de irrupci\u00f3n dependientes del Ministerio de Justicia y Seguridad de Santa Fe, detuvo este jueves a un hombre durante una serie de allanamientos en Villa Gobernador G\u00e1lvez. Se trata de Emanuel D.S., de 28 a\u00f1os, se\u00f1alado como integrante de una banda investigada por robo calificado y lesiones ocurridos en la localidad cordobesa de Villa Rumipal.<br><\/p>\n\n\n\n<p>El procedimiento se enmarca en una causa que instruye la Fiscal\u00eda de R\u00edo Tercero. La investigaci\u00f3n ya hab\u00eda derivado en la captura, hace un mes, de otro presunto miembro del mismo grupo, identificado como Ra\u00fal Jonathan N.<br><\/p>\n\n\n\n<p>La pesquisa comenz\u00f3 a partir de un oficio de colaboraci\u00f3n solicitado por la Polic\u00eda de C\u00f3rdoba, vinculado a una serie de robos calificados en esa provincia. Con las \u00f3rdenes emitidas por la Justicia, se realizaron m\u00faltiples allanamientos en diferentes barrios de Villa Gobernador G\u00e1lvez. En uno de ellos se concret\u00f3 la detenci\u00f3n de Emanuel D. S., sobre quien pesaba un pedido de captura vigente.<br><\/p>\n\n\n\n<p>Durante los procedimientos tambi\u00e9n se secuestraron dinero en efectivo, varios tel\u00e9fonos m\u00f3viles y veh\u00edculos, que quedaron a disposici\u00f3n de la Fiscal\u00eda interviniente. La fiscal Paula del Luj\u00e1n Bruera dispuso la detenci\u00f3n del sospechoso y la incorporaci\u00f3n de los elementos incautados a la causa.<\/p>\n\n\n\n<p>El hecho<\/p>\n\n\n\n<p>De acuerdo con la investigaci\u00f3n, cinco personas oriundas de Villa Gobernador G\u00e1lvez, que se movilizaban en un Volkswagen Vento azul, habr\u00edan participado el pasado 6 de agosto en el asalto a una vivienda situada en el barrio El Corcovado, en Villa Rumipal. En ese ataque, adem\u00e1s del robo, se produjeron lesiones a los ocupantes de la casa.<\/p>\n","protected":false},"excerpt":{"rendered":"<p>La PDI arrest\u00f3 a un hombre de 28 a\u00f1os en una serie de allanamientos. Est\u00e1 acusado de participar en un asalto a una vivienda de Villa Rumipal, donde resultaron v\u00edctimas con lesiones. Ya hab\u00eda sido detenido otro integrante de la misma banda. La Polic\u00eda de Investigaciones (PDI), junto con grupos de irrupci\u00f3n dependientes del Ministerio [&hellip;]<\/p>\n","protected":false},"author":5,"featured_media":17556,"comment_status":"closed","ping_status":"open","sticky":false,"template":"","format":"standard","meta":{"tdm_status":"","tdm_grid_status":"","footnotes":""},"categories":[14],"tags":[96,976,4671,957,5286],"class_list":{"0":"post-17555","1":"post","2":"type-post","3":"status-publish","4":"format-standard","5":"has-post-thumbnail","7":"category-provinciales","8":"tag-allanamientos","9":"tag-cordoba","10":"tag-detencion","11":"tag-villa-gdor-galvez","12":"tag-villa-rumipal"},"_links":{"self":[{"href":"https:\/\/www.noticiasmas.com.ar\/index.php\/wp-json\/wp\/v2\/posts\/17555","targetHints":{"allow":["GET"]}}],"collection":[{"href":"https:\/\/www.noticiasmas.com.ar\/index.php\/wp-json\/wp\/v2\/posts"}],"about":[{"href":"https:\/\/www.noticiasmas.com.ar\/index.php\/wp-json\/wp\/v2\/types\/post"}],"author":[{"embeddable":true,"href":"https:\/\/www.noticiasmas.com.ar\/index.php\/wp-json\/wp\/v2\/users\/5"}],"replies":[{"embeddable":true,"href":"https:\/\/www.noticiasmas.com.ar\/index.php\/wp-json\/wp\/v2\/comments?post=17555"}],"version-history":[{"count":1,"href":"https:\/\/www.noticiasmas.com.ar\/index.php\/wp-json\/wp\/v2\/posts\/17555\/revisions"}],"predecessor-version":[{"id":17557,"href":"https:\/\/www.noticiasmas.com.ar\/index.php\/wp-json\/wp\/v2\/posts\/17555\/revisions\/17557"}],"wp:featuredmedia":[{"embeddable":true,"href":"https:\/\/www.noticiasmas.com.ar\/index.php\/wp-json\/wp\/v2\/media\/17556"}],"wp:attachment":[{"href":"https:\/\/www.noticiasmas.com.ar\/index.php\/wp-json\/wp\/v2\/media?parent=17555"}],"wp:term":[{"taxonomy":"category","embeddable":true,"href":"https:\/\/www.noticiasmas.com.ar\/index.php\/wp-json\/wp\/v2\/categories?post=17555"},{"taxonomy":"post_tag","embeddable":true,"href":"https:\/\/www.noticiasmas.com.ar\/index.php\/wp-json\/wp\/v2\/tags?post=17555"}],"curies":[{"name":"wp","href":"https:\/\/api.w.org\/{rel}","templated":true}]}}