{"id":17561,"date":"2025-09-04T19:07:27","date_gmt":"2025-09-04T22:07:27","guid":{"rendered":"https:\/\/www.noticiasmas.com.ar\/?p=17561"},"modified":"2025-09-04T19:07:29","modified_gmt":"2025-09-04T22:07:29","slug":"gremios-maritimos-y-fluviales-destacaron-la-lucha-en-unidad-para-que-el-gobierno-de-milei-de-marcha-atras-en-la-desregulacion-de-la-marina-mercante","status":"publish","type":"post","link":"https:\/\/www.noticiasmas.com.ar\/index.php\/2025\/09\/04\/gremios-maritimos-y-fluviales-destacaron-la-lucha-en-unidad-para-que-el-gobierno-de-milei-de-marcha-atras-en-la-desregulacion-de-la-marina-mercante\/","title":{"rendered":"GREMIOS MAR\u00cdTIMOS Y FLUVIALES DESTACARON LA LUCHA EN UNIDAD PARA QUE EL GOBIERNO DE MILEI DE MARCHA ATR\u00c1S EN LA DESREGULACI\u00d3N DE LA MARINA MERCANTE"},"content":{"rendered":"\n<p>El gobierno de Javier Milei dio marcha atr\u00e1s con una serie de decretos y normas, entre ellas la eliminaci\u00f3n de los cambios aplicados en el Decreto 340\/2025, que aprobaba un nuevo \u201cR\u00e9gimen de Excepci\u00f3n de la Marina Mercante Nacional\u201d.<\/p>\n\n\n\n<p>Gremios mar\u00edtimos y fluviales destacaron que \u201cen la lucha y la unidad se puede doblegar acciones de este gobierno que van contra los trabajadores y el pueblo argentino\u201d.<\/p>\n\n\n\n<p>En ese marco, el Centro de Patrones y Oficiales Fluviales, de Pesca y de Cabotaje Mar\u00edtimo, destac\u00f3 la \u201cnecesidad urgente\u201d de transformar la defensa del transporte mar\u00edtimo y fluvial en una verdadera pol\u00edtica de Estado, dijo mariano Moreno, Secretario general de la entidad gremial.<\/p>\n\n\n\n<p>Asimismo, el titular del gremio de Conductores Navales, Mariano Vilar se\u00f1al\u00f3 que, \u201cla nulidad del decreto fue un alivio, aunque no una victoria definitiva. \u201cAhora debemos generar condiciones s\u00f3lidas para una marina mercante e industria naval sustentable\u201d, indic\u00f3.<\/p>\n\n\n\n<p>Por su parte, Marcelo Zabala, Secretario General del gremio de Marina Mercante en Santa Fe abord\u00f3 fundamentalmente el tema de la unidad gremial entre los sindicatos y el apoyo de los trabajadores: \u201cCon unidad en la acci\u00f3n y la lucha demostramos que podemos revertir acciones totalmente negativas para nuestro sector y para todo el pueblo argentino\u201d, y agreg\u00f3: \u201cNo claudicamos, fuimos a hablar a todos los lugares donde deb\u00edamos ir, sentimos profundamente el apoyo de los trabajadores y de un sector importante de la sociedad y no bajamos los brazos. Es una demostraci\u00f3n que con convicci\u00f3n y unidad se puede defender la soberan\u00eda nacional\u201d.<\/p>\n","protected":false},"excerpt":{"rendered":"<p>El gobierno de Javier Milei dio marcha atr\u00e1s con una serie de decretos y normas, entre ellas la eliminaci\u00f3n de los cambios aplicados en el Decreto 340\/2025, que aprobaba un nuevo \u201cR\u00e9gimen de Excepci\u00f3n de la Marina Mercante Nacional\u201d. Gremios mar\u00edtimos y fluviales destacaron que \u201cen la lucha y la unidad se puede doblegar acciones [&hellip;]<\/p>\n","protected":false},"author":5,"featured_media":17562,"comment_status":"closed","ping_status":"open","sticky":false,"template":"","format":"standard","meta":{"tdm_status":"","tdm_grid_status":"","footnotes":""},"categories":[1],"tags":[324,4521,5288,4308],"class_list":{"0":"post-17561","1":"post","2":"type-post","3":"status-publish","4":"format-standard","5":"has-post-thumbnail","7":"category-nacionales","8":"tag-argentina","9":"tag-decreto-340-2025","10":"tag-marcha-atras","11":"tag-marina-mercante"},"_links":{"self":[{"href":"https:\/\/www.noticiasmas.com.ar\/index.php\/wp-json\/wp\/v2\/posts\/17561","targetHints":{"allow":["GET"]}}],"collection":[{"href":"https:\/\/www.noticiasmas.com.ar\/index.php\/wp-json\/wp\/v2\/posts"}],"about":[{"href":"https:\/\/www.noticiasmas.com.ar\/index.php\/wp-json\/wp\/v2\/types\/post"}],"author":[{"embeddable":true,"href":"https:\/\/www.noticiasmas.com.ar\/index.php\/wp-json\/wp\/v2\/users\/5"}],"replies":[{"embeddable":true,"href":"https:\/\/www.noticiasmas.com.ar\/index.php\/wp-json\/wp\/v2\/comments?post=17561"}],"version-history":[{"count":1,"href":"https:\/\/www.noticiasmas.com.ar\/index.php\/wp-json\/wp\/v2\/posts\/17561\/revisions"}],"predecessor-version":[{"id":17563,"href":"https:\/\/www.noticiasmas.com.ar\/index.php\/wp-json\/wp\/v2\/posts\/17561\/revisions\/17563"}],"wp:featuredmedia":[{"embeddable":true,"href":"https:\/\/www.noticiasmas.com.ar\/index.php\/wp-json\/wp\/v2\/media\/17562"}],"wp:attachment":[{"href":"https:\/\/www.noticiasmas.com.ar\/index.php\/wp-json\/wp\/v2\/media?parent=17561"}],"wp:term":[{"taxonomy":"category","embeddable":true,"href":"https:\/\/www.noticiasmas.com.ar\/index.php\/wp-json\/wp\/v2\/categories?post=17561"},{"taxonomy":"post_tag","embeddable":true,"href":"https:\/\/www.noticiasmas.com.ar\/index.php\/wp-json\/wp\/v2\/tags?post=17561"}],"curies":[{"name":"wp","href":"https:\/\/api.w.org\/{rel}","templated":true}]}}