{"id":17568,"date":"2025-09-05T09:27:18","date_gmt":"2025-09-05T12:27:18","guid":{"rendered":"https:\/\/www.noticiasmas.com.ar\/?p=17568"},"modified":"2025-09-05T09:27:20","modified_gmt":"2025-09-05T12:27:20","slug":"violento-choque-de-un-auto-contra-el-metrobus-de-avenida-alberdi-en-rosario","status":"publish","type":"post","link":"https:\/\/www.noticiasmas.com.ar\/index.php\/2025\/09\/05\/violento-choque-de-un-auto-contra-el-metrobus-de-avenida-alberdi-en-rosario\/","title":{"rendered":"Violento choque de un auto contra el \u201cmetrobus\u201d de Avenida Alberdi en Rosario"},"content":{"rendered":"\n<p>Un auto particular impact\u00f3 este viernes por la ma\u00f1ana contra una de las paradas del \u201cmetrobus\u201d de la Avenida Alberdi de la ciudad de Rosario.&nbsp;<\/p>\n\n\n\n<p>Un Chevrolet Corsa impact\u00f3 contra las paradas que se encuentran en el medio de la avenida principal de la zona norte rosarina, en su cruce con Avenida G\u00e9nova.&nbsp;<\/p>\n\n\n\n<p>Las dos personas que se trasladaban en el automovil debieron ser atendidas por una ambulancia aunque se encuentran fuera de peligro.<\/p>\n\n\n\n<p>El veh\u00edculo, seg\u00fan consta el acta policial, qued\u00f3 inutilzable ya que el impacto contra la estructura de hormig\u00f3n fue tan fuerte que el motor qued\u00f3 destru\u00eddo.&nbsp;<\/p>\n\n\n\n<p>En junio de 2016, el gobierno nacional inaugur\u00f3 el Metrobus Rosario, una obra que modificaba la estructura de la avenida Alberdi y unificaba todo el sistema de transporte p\u00fablico sobre el centro de la avenida, dejando as\u00ed una mano \u00fanica de circulaci\u00f3n para la ida y otra para la vuelta y llevando as\u00ed las paradas de abordo y descenso en el medio de la arteria.<\/p>\n\n\n\n<p>La obra es similar a la que se realiz\u00f3 en avenida 9 de Julio de la Capital Federal, trabajo insignia de la gesti\u00f3n de Mauricio Macri en Buenos Aires y que intent\u00f3 replicar, a trav\u00e9s de su ministro de Transporte, Guillermo Dietrich, en el resto del pa\u00eds.<\/p>\n\n\n\n<p>En Rosario, el metrobus est\u00e1 pronto a cumplir 10 a\u00f1os de existencia, pero los vecinos insisten en que se trat\u00f3 de un absurdo que no trajo mejoras para la regi\u00f3n norte rosarina.<\/p>\n","protected":false},"excerpt":{"rendered":"<p>Un auto particular impact\u00f3 este viernes por la ma\u00f1ana contra una de las paradas del \u201cmetrobus\u201d de la Avenida Alberdi de la ciudad de Rosario.&nbsp; Un Chevrolet Corsa impact\u00f3 contra las paradas que se encuentran en el medio de la avenida principal de la zona norte rosarina, en su cruce con Avenida G\u00e9nova.&nbsp; Las dos [&hellip;]<\/p>\n","protected":false},"author":9,"featured_media":17569,"comment_status":"closed","ping_status":"open","sticky":false,"template":"","format":"standard","meta":{"tdm_status":"","tdm_grid_status":"","footnotes":""},"categories":[9],"tags":[1905,5291,163,571],"class_list":{"0":"post-17568","1":"post","2":"type-post","3":"status-publish","4":"format-standard","5":"has-post-thumbnail","7":"category-policiales","8":"tag-choque","9":"tag-metrobus","10":"tag-rosario","11":"tag-transito"},"_links":{"self":[{"href":"https:\/\/www.noticiasmas.com.ar\/index.php\/wp-json\/wp\/v2\/posts\/17568","targetHints":{"allow":["GET"]}}],"collection":[{"href":"https:\/\/www.noticiasmas.com.ar\/index.php\/wp-json\/wp\/v2\/posts"}],"about":[{"href":"https:\/\/www.noticiasmas.com.ar\/index.php\/wp-json\/wp\/v2\/types\/post"}],"author":[{"embeddable":true,"href":"https:\/\/www.noticiasmas.com.ar\/index.php\/wp-json\/wp\/v2\/users\/9"}],"replies":[{"embeddable":true,"href":"https:\/\/www.noticiasmas.com.ar\/index.php\/wp-json\/wp\/v2\/comments?post=17568"}],"version-history":[{"count":1,"href":"https:\/\/www.noticiasmas.com.ar\/index.php\/wp-json\/wp\/v2\/posts\/17568\/revisions"}],"predecessor-version":[{"id":17570,"href":"https:\/\/www.noticiasmas.com.ar\/index.php\/wp-json\/wp\/v2\/posts\/17568\/revisions\/17570"}],"wp:featuredmedia":[{"embeddable":true,"href":"https:\/\/www.noticiasmas.com.ar\/index.php\/wp-json\/wp\/v2\/media\/17569"}],"wp:attachment":[{"href":"https:\/\/www.noticiasmas.com.ar\/index.php\/wp-json\/wp\/v2\/media?parent=17568"}],"wp:term":[{"taxonomy":"category","embeddable":true,"href":"https:\/\/www.noticiasmas.com.ar\/index.php\/wp-json\/wp\/v2\/categories?post=17568"},{"taxonomy":"post_tag","embeddable":true,"href":"https:\/\/www.noticiasmas.com.ar\/index.php\/wp-json\/wp\/v2\/tags?post=17568"}],"curies":[{"name":"wp","href":"https:\/\/api.w.org\/{rel}","templated":true}]}}