{"id":17577,"date":"2025-09-05T10:41:28","date_gmt":"2025-09-05T13:41:28","guid":{"rendered":"https:\/\/www.noticiasmas.com.ar\/?p=17577"},"modified":"2025-09-05T10:41:30","modified_gmt":"2025-09-05T13:41:30","slug":"paraguay-clasifico-al-mundial-2026-y-el-gobierno-decreto-feriado-nacional","status":"publish","type":"post","link":"https:\/\/www.noticiasmas.com.ar\/index.php\/2025\/09\/05\/paraguay-clasifico-al-mundial-2026-y-el-gobierno-decreto-feriado-nacional\/","title":{"rendered":"Paraguay clasific\u00f3 al Mundial 2026 y el gobierno decret\u00f3 feriado nacional\u00a0"},"content":{"rendered":"\n<p>La selecci\u00f3n de Paraguay empat\u00f3 0 a 0 con Ecuador en la pen\u00faltima fecha de las Eliminatorias para el Mundial 2026 y qued\u00f3 clasificado a la cita mundialista tras 16 a\u00f1os de ausencia.<\/p>\n\n\n\n<p>Debido a esto, el presidente Santiago Pe\u00f1a decret\u00f3 feriado nacional este viernes 5 de septiembre, luego de la algarab\u00eda desatada el jueves por la noche luego del partido disputado en el estadio Defensores del Chaco de Asunci\u00f3n.&nbsp;<\/p>\n\n\n\n<p><strong>\u201cDeclarase Feriado Nacional el d\u00eda viernes 5 de setiembre de 2025 para conmemorar la hist\u00f3rica clasificaci\u00f3n de la Selecci\u00f3n paraguaya (\u2018la Albirroja\u2019) a la Copa Mundial de la FIFA 2026\u2033<\/strong>,<strong> <\/strong>indica el Decreto 4522 firmado por la presidencia paraguaya.&nbsp;<\/p>\n\n\n\n<p>La medida incluye disposiciones espec\u00edficas para <strong>establecimientos de salud<\/strong>, que continuar\u00e1n funcionando durante el feriado. Asimismo, el decreto contempla excepciones para <strong>funcionarios y empleados p\u00fablicos<\/strong> vinculados a servicios esenciales, comercio exterior y percepci\u00f3n de tributos.<\/p>\n\n\n\n<p>\u201c<strong>Volvi\u00f3 con alma, coraz\u00f3n y toda la garra guaran\u00ed<\/strong>. Esto es mucho m\u00e1s que f\u00fatbol, son familias festejando, vecinos abraz\u00e1ndose, un pa\u00eds entero unidos en un solo grito de alegr\u00eda\u201d, sostuvo el presidente.<\/p>\n\n\n\n<p>Paraguay hab\u00eda tenido su \u00faltimo gran ciclo futbol\u00edstico de la mano del rosarino Gerardo Tata Martino. En 2010 hab\u00eda clasificado al Mundial de Sud\u00e1frica 2010, donde hab\u00edan tenido un gran desempe\u00f1o cayendo en cuartos de final contra Espa\u00f1a, selecci\u00f3n que luego saldr\u00eda campeona por primera vez en su historia de la mano de su generaci\u00f3n dorada.<\/p>\n\n\n\n<p>Posteriormente, en 2011, Paraguay fue subcampeona continental tras caer en la final de la Copa Am\u00e9rica de Argentina frente a Uruguay en el Estadio Monumental.<\/p>\n","protected":false},"excerpt":{"rendered":"<p>La selecci\u00f3n de Paraguay empat\u00f3 0 a 0 con Ecuador en la pen\u00faltima fecha de las Eliminatorias para el Mundial 2026 y qued\u00f3 clasificado a la cita mundialista tras 16 a\u00f1os de ausencia. Debido a esto, el presidente Santiago Pe\u00f1a decret\u00f3 feriado nacional este viernes 5 de septiembre, luego de la algarab\u00eda desatada el jueves [&hellip;]<\/p>\n","protected":false},"author":9,"featured_media":17578,"comment_status":"closed","ping_status":"open","sticky":false,"template":"","format":"standard","meta":{"tdm_status":"","tdm_grid_status":"","footnotes":""},"categories":[10],"tags":[28,5292,2477],"class_list":{"0":"post-17577","1":"post","2":"type-post","3":"status-publish","4":"format-standard","5":"has-post-thumbnail","7":"category-deportes","8":"tag-deportes","9":"tag-feriado-nacional","10":"tag-paraguay"},"_links":{"self":[{"href":"https:\/\/www.noticiasmas.com.ar\/index.php\/wp-json\/wp\/v2\/posts\/17577","targetHints":{"allow":["GET"]}}],"collection":[{"href":"https:\/\/www.noticiasmas.com.ar\/index.php\/wp-json\/wp\/v2\/posts"}],"about":[{"href":"https:\/\/www.noticiasmas.com.ar\/index.php\/wp-json\/wp\/v2\/types\/post"}],"author":[{"embeddable":true,"href":"https:\/\/www.noticiasmas.com.ar\/index.php\/wp-json\/wp\/v2\/users\/9"}],"replies":[{"embeddable":true,"href":"https:\/\/www.noticiasmas.com.ar\/index.php\/wp-json\/wp\/v2\/comments?post=17577"}],"version-history":[{"count":1,"href":"https:\/\/www.noticiasmas.com.ar\/index.php\/wp-json\/wp\/v2\/posts\/17577\/revisions"}],"predecessor-version":[{"id":17579,"href":"https:\/\/www.noticiasmas.com.ar\/index.php\/wp-json\/wp\/v2\/posts\/17577\/revisions\/17579"}],"wp:featuredmedia":[{"embeddable":true,"href":"https:\/\/www.noticiasmas.com.ar\/index.php\/wp-json\/wp\/v2\/media\/17578"}],"wp:attachment":[{"href":"https:\/\/www.noticiasmas.com.ar\/index.php\/wp-json\/wp\/v2\/media?parent=17577"}],"wp:term":[{"taxonomy":"category","embeddable":true,"href":"https:\/\/www.noticiasmas.com.ar\/index.php\/wp-json\/wp\/v2\/categories?post=17577"},{"taxonomy":"post_tag","embeddable":true,"href":"https:\/\/www.noticiasmas.com.ar\/index.php\/wp-json\/wp\/v2\/tags?post=17577"}],"curies":[{"name":"wp","href":"https:\/\/api.w.org\/{rel}","templated":true}]}}