{"id":17605,"date":"2025-09-05T20:16:31","date_gmt":"2025-09-05T23:16:31","guid":{"rendered":"https:\/\/www.noticiasmas.com.ar\/?p=17605"},"modified":"2025-09-05T20:16:33","modified_gmt":"2025-09-05T23:16:33","slug":"feria-del-centro-60-marcas-santafesinas-representaran-a-la-provincia-en-cordoba","status":"publish","type":"post","link":"https:\/\/www.noticiasmas.com.ar\/index.php\/2025\/09\/05\/feria-del-centro-60-marcas-santafesinas-representaran-a-la-provincia-en-cordoba\/","title":{"rendered":"Feria del Centro: 60 marcas santafesinas representar\u00e1n a la provincia en C\u00f3rdoba"},"content":{"rendered":"\n<p>Santa Fe tendr\u00e1 un rol protag\u00f3nico en la novena edici\u00f3n del encuentro que se llevar\u00e1 a cabo del 12 al 14 de septiembre en el Centro Cultural C\u00f3rdoba. \u201cLa Feria nos abri\u00f3 puertas a un p\u00fablico nuevo, que se acerc\u00f3 a descubrir lo que hacemos. Esa visibilidad nos ayud\u00f3 a crecer, no s\u00f3lo en ventas sino tambi\u00e9n en posicionamiento\u201d, destacaron participantes que volver\u00e1n este a\u00f1o acompa\u00f1ados por el Ministerio de Cultura santafesino.<\/p>\n\n\n\n<p>Con el objetivo de profundizar su pol\u00edtica de fomento de las industrias culturales como un motor productivo regional, el Gobierno de la Provincia estar\u00e1 presente en la novena edici\u00f3n de la Feria del Centro, que se desarrollar\u00e1 en la capital cordobesa. Ser\u00e1 a trav\u00e9s de la presencia oficial en un stand central colmado de propuestas y a partir de la exhibici\u00f3n de los productos de 60 marcas santafesinas seleccionadas a trav\u00e9s de una convocatoria a la que se presentaron m\u00e1s de 230 propuestas.<\/p>\n\n\n\n<p><br>El encuentro se llevar\u00e1 cabo del viernes 12 al domingo 14 de septiembre en el Centro Cultural C\u00f3rdoba y Parque del Faro del Bicentenario (Av. Deodoro Roca 401, ciudad de C\u00f3rdoba). La Feria del Centro contendr\u00e1 en total 180 propuestas de Santa Fe, Entre R\u00edos y C\u00f3rdoba, relacionadas con proyectos editoriales, de dise\u00f1o y arte impreso. Para cada una de las empresas con sello santafesino, la Feria representa una gran plataforma de ventas e intercambios.<\/p>\n\n\n\n<p><br>Cabe se\u00f1alar que la Feria es una actividad organizada en conjunto entre los ministerios de Cultura de los gobiernos provinciales de C\u00f3rdoba, Entre R\u00edos y Santa Fe, y cuenta con el apoyo del Consejo Federal de Inversiones. El evento, que se lleva a cabo desde el a\u00f1o 2017, re\u00fane a productores y productoras culturales de los sectores de dise\u00f1o y editorial de la regi\u00f3n centro del pa\u00eds.<\/p>\n\n\n\n<p><br>En este marco, el Ministerio de Cultura de Santa Fe ofrecer\u00e1 distintas actividades especiales, entre ellas una charla dirigida al sector fonogr\u00e1fico a cargo de Florencia Donini (s\u00e1bado 13 a las 17) y otra dirigida al sector audiovisual, a cargo de Mart\u00edn Eschoyez (domingo 14 a las 17); el show de la banda \u201cCaliope Family\u201d (s\u00e1bado 13 a las 20:30); y la proyecci\u00f3n de \u201cPay\u00e9\u201d, documental realizado por Se\u00f1al Santa Fe, programa audiovisual del Ministerio de Cultura (domingo 14 a las 18:30).<\/p>\n\n\n\n<figure class=\"wp-block-image size-large\"><img loading=\"lazy\" decoding=\"async\" width=\"1024\" height=\"681\" src=\"https:\/\/www.noticiasmas.com.ar\/wp-content\/uploads\/2025\/09\/Feria-Cordoba-1024x681.jpg\" alt=\"\" class=\"wp-image-17606\" srcset=\"https:\/\/www.noticiasmas.com.ar\/wp-content\/uploads\/2025\/09\/Feria-Cordoba-1024x681.jpg 1024w, https:\/\/www.noticiasmas.com.ar\/wp-content\/uploads\/2025\/09\/Feria-Cordoba-300x200.jpg 300w, https:\/\/www.noticiasmas.com.ar\/wp-content\/uploads\/2025\/09\/Feria-Cordoba-768x511.jpg 768w, https:\/\/www.noticiasmas.com.ar\/wp-content\/uploads\/2025\/09\/Feria-Cordoba-150x100.jpg 150w, https:\/\/www.noticiasmas.com.ar\/wp-content\/uploads\/2025\/09\/Feria-Cordoba-696x463.jpg 696w, https:\/\/www.noticiasmas.com.ar\/wp-content\/uploads\/2025\/09\/Feria-Cordoba-1068x710.jpg 1068w, https:\/\/www.noticiasmas.com.ar\/wp-content\/uploads\/2025\/09\/Feria-Cordoba.jpg 1200w\" sizes=\"auto, (max-width: 1024px) 100vw, 1024px\" \/><\/figure>\n\n\n\n<p>Palabra de los protagonistas<\/p>\n\n\n\n<p>Estefan\u00eda Heer Kuhn, de Picotea (marca que se dedica la confecci\u00f3n de ropa para ni\u00f1os, creada en 2017 en Esperanza), destac\u00f3 que \u201cparticipar en la Feria del Centro siempre es una experiencia muy valiosa. Es un espacio que me permite mostrar mi trabajo, pero tambi\u00e9n conocer a otros dise\u00f1adores de la regi\u00f3n y nutrirme de sus experiencias. Lo m\u00e1s importante es la sensaci\u00f3n de pertenecer a una comunidad creativa que apuesta al dise\u00f1o local\u201d.<\/p>\n\n\n\n<p><br>Mart\u00edn de Rico es uno de los fundadores de Kundur, marca de accesorios creada en Rosario en 2021 y que tuvo un gran crecimiento desde su llegada al Mercado de Frutos Culturales del Ministerio de Cultura. Seg\u00fan remarc\u00f3, la Feria \u201ctuvo un impacto muy significativo\u201d para Kundur. \u201cM\u00e1s all\u00e1 de las ventas, la gran convocatoria nos brind\u00f3 una visibilidad muy valiosa para la marca. Las expectativas para esta nueva edici\u00f3n son muy positivas, ya que nos permitir\u00e1 nutrirnos de otros emprendimientos, generar v\u00ednculos y acercar nuestra propuesta al p\u00fablico cordob\u00e9s\u201d, concluy\u00f3 de Rico.<\/p>\n\n\n\n<p><br>Desde la ciudad de Santa Fe, Andrea Neill es la creadora de Posibles Objetos, con la que tuvo presencia en las dos ediciones de Feria realizadas en Paran\u00e1. \u201cFue una experiencia llena de gratificaciones, desde la organizaci\u00f3n y difusi\u00f3n del evento, la calidez del p\u00fablico, la posibilidad de compartir y conocer dise\u00f1adores y marcas de C\u00f3rdoba, Entre R\u00edos y de diferentes localidades de Santa Fe con los cuales compartimos charlas envueltas de procesos de trabajo, materialidades, formas de comercializar\u201d, sostuvo.<\/p>\n\n\n\n<p><br>Luisina es la fundadora de Peque Beb\u00e9s, marca surgida en 2019 en Arequito y dedicada a la confecci\u00f3n de prendas de dise\u00f1o para primeras infancias. \u201cLa Feria nos abri\u00f3 puertas a un p\u00fablico nuevo, que se acerc\u00f3 a descubrir lo que hacemos. Esa visibilidad nos ayud\u00f3 a crecer, no s\u00f3lo en ventas sino tambi\u00e9n en posicionamiento. Pero m\u00e1s all\u00e1 de lo comercial, lo m\u00e1s valioso es el contacto directo con la gente, escuchar lo que les gusta, ver c\u00f3mo se emocionan cuando encuentran algo pensado para sus beb\u00e9s. Ese ida y vuelta es lo que m\u00e1s nos impulsa a seguir\u201d, mencion\u00f3.<\/p>\n\n\n\n<p><br>Por su parte, Met\u00e1fora llegar\u00e1 a C\u00f3rdoba desde la localidad de San Jorge, con la convicci\u00f3n de poder participar de la Feria m\u00e1s linda del pa\u00eds, seg\u00fan asegura Adriana, dise\u00f1adora del proyecto, al que reconoce como un espacio de creaci\u00f3n textil. \u201cEntendiendo la indumentaria como una segunda piel a dise\u00f1ar, a crear en ese di\u00e1logo entre el cuerpo y el espacio exterior\u201d. Y agreg\u00f3: \u201cEl contacto con el p\u00fablico es maravilloso, la gente valora y sabe en qu\u00e9 tipo de feria est\u00e1 y cu\u00e1nto trabajo hay detr\u00e1s de cada objeto que presenta un stand. La respuesta siempre es muy buena en cuanto a las ventas y al inter\u00e9s por saber los procesos creativo, el hacer artesanal en mi caso\u201d, explic\u00f3 Adriana.<\/p>\n","protected":false},"excerpt":{"rendered":"<p>Santa Fe tendr\u00e1 un rol protag\u00f3nico en la novena edici\u00f3n del encuentro que se llevar\u00e1 a cabo del 12 al 14 de septiembre en el Centro Cultural C\u00f3rdoba. \u201cLa Feria nos abri\u00f3 puertas a un p\u00fablico nuevo, que se acerc\u00f3 a descubrir lo que hacemos. Esa visibilidad nos ayud\u00f3 a crecer, no s\u00f3lo en ventas [&hellip;]<\/p>\n","protected":false},"author":5,"featured_media":17607,"comment_status":"closed","ping_status":"open","sticky":false,"template":"","format":"standard","meta":{"tdm_status":"","tdm_grid_status":"","footnotes":""},"categories":[14],"tags":[5306,5307,5309,976,5308,5305,18],"class_list":{"0":"post-17605","1":"post","2":"type-post","3":"status-publish","4":"format-standard","5":"has-post-thumbnail","7":"category-provinciales","8":"tag-60-marcas-santafesinas","9":"tag-9o-edicion","10":"tag-centro-cultural-cordoba","11":"tag-cordoba","12":"tag-del-12-al-14-de-septiembre","13":"tag-feria-del-centro","14":"tag-santa-fe"},"_links":{"self":[{"href":"https:\/\/www.noticiasmas.com.ar\/index.php\/wp-json\/wp\/v2\/posts\/17605","targetHints":{"allow":["GET"]}}],"collection":[{"href":"https:\/\/www.noticiasmas.com.ar\/index.php\/wp-json\/wp\/v2\/posts"}],"about":[{"href":"https:\/\/www.noticiasmas.com.ar\/index.php\/wp-json\/wp\/v2\/types\/post"}],"author":[{"embeddable":true,"href":"https:\/\/www.noticiasmas.com.ar\/index.php\/wp-json\/wp\/v2\/users\/5"}],"replies":[{"embeddable":true,"href":"https:\/\/www.noticiasmas.com.ar\/index.php\/wp-json\/wp\/v2\/comments?post=17605"}],"version-history":[{"count":1,"href":"https:\/\/www.noticiasmas.com.ar\/index.php\/wp-json\/wp\/v2\/posts\/17605\/revisions"}],"predecessor-version":[{"id":17608,"href":"https:\/\/www.noticiasmas.com.ar\/index.php\/wp-json\/wp\/v2\/posts\/17605\/revisions\/17608"}],"wp:featuredmedia":[{"embeddable":true,"href":"https:\/\/www.noticiasmas.com.ar\/index.php\/wp-json\/wp\/v2\/media\/17607"}],"wp:attachment":[{"href":"https:\/\/www.noticiasmas.com.ar\/index.php\/wp-json\/wp\/v2\/media?parent=17605"}],"wp:term":[{"taxonomy":"category","embeddable":true,"href":"https:\/\/www.noticiasmas.com.ar\/index.php\/wp-json\/wp\/v2\/categories?post=17605"},{"taxonomy":"post_tag","embeddable":true,"href":"https:\/\/www.noticiasmas.com.ar\/index.php\/wp-json\/wp\/v2\/tags?post=17605"}],"curies":[{"name":"wp","href":"https:\/\/api.w.org\/{rel}","templated":true}]}}