{"id":17624,"date":"2025-09-08T10:53:55","date_gmt":"2025-09-08T13:53:55","guid":{"rendered":"https:\/\/www.noticiasmas.com.ar\/?p=17624"},"modified":"2025-09-08T11:11:40","modified_gmt":"2025-09-08T14:11:40","slug":"un-bombero-perdio-la-vida-tras-chocar-con-una-moto-contra-un-camion-de-la-comuna-de-ricardone","status":"publish","type":"post","link":"https:\/\/www.noticiasmas.com.ar\/index.php\/2025\/09\/08\/un-bombero-perdio-la-vida-tras-chocar-con-una-moto-contra-un-camion-de-la-comuna-de-ricardone\/","title":{"rendered":"Un hombre perdi\u00f3 la vida tras chocar con una moto contra un cami\u00f3n de la comuna de Ricardone"},"content":{"rendered":"\n<p>Este domingo por la tarde ocurri\u00f3 un tr\u00e1gico siniestro vial, donde perdi\u00f3 la vida un hombre tras chocar contra un cami\u00f3n en la localidad de Ricardone<\/p>\n\n\n\n<p>\u201cNeri\u201d Molina, de 33 a\u00f1os de edad, perdi\u00f3 la vida este domingo tras chocar con una motocicleta Suzuki AX 100 contra un cami\u00f3n de riego de la comuna de Ricardone.&nbsp;<\/p>\n\n\n\n<p>El siniestro tuvo lugar en la esquina de calles Villata y San Lorenzo y ocurri\u00f3 en horas de la tarde del domingo.&nbsp;<\/p>\n\n\n\n<p>Desde el gobierno local emitieron un comunicado donde lamentan el hecho y env\u00edan condolencias a la familia del fallecido, a la vez que se\u00f1alaron poner al \u201cpersonal involucrado a disposici\u00f3n de la Justicia\u201d.&nbsp;<\/p>\n","protected":false},"excerpt":{"rendered":"<p>Este domingo por la tarde ocurri\u00f3 un tr\u00e1gico siniestro vial, donde perdi\u00f3 la vida un hombre tras chocar contra un cami\u00f3n en la localidad de Ricardone \u201cNeri\u201d Molina, de 33 a\u00f1os de edad, perdi\u00f3 la vida este domingo tras chocar con una motocicleta Suzuki AX 100 contra un cami\u00f3n de riego de la comuna de [&hellip;]<\/p>\n","protected":false},"author":9,"featured_media":17625,"comment_status":"closed","ping_status":"open","sticky":false,"template":"","format":"standard","meta":{"tdm_status":"","tdm_grid_status":"","footnotes":""},"categories":[9],"tags":[349,172,541],"class_list":{"0":"post-17624","1":"post","2":"type-post","3":"status-publish","4":"format-standard","5":"has-post-thumbnail","7":"category-policiales","8":"tag-bomberos-voluntarios","9":"tag-policiales","10":"tag-ricardone"},"_links":{"self":[{"href":"https:\/\/www.noticiasmas.com.ar\/index.php\/wp-json\/wp\/v2\/posts\/17624","targetHints":{"allow":["GET"]}}],"collection":[{"href":"https:\/\/www.noticiasmas.com.ar\/index.php\/wp-json\/wp\/v2\/posts"}],"about":[{"href":"https:\/\/www.noticiasmas.com.ar\/index.php\/wp-json\/wp\/v2\/types\/post"}],"author":[{"embeddable":true,"href":"https:\/\/www.noticiasmas.com.ar\/index.php\/wp-json\/wp\/v2\/users\/9"}],"replies":[{"embeddable":true,"href":"https:\/\/www.noticiasmas.com.ar\/index.php\/wp-json\/wp\/v2\/comments?post=17624"}],"version-history":[{"count":2,"href":"https:\/\/www.noticiasmas.com.ar\/index.php\/wp-json\/wp\/v2\/posts\/17624\/revisions"}],"predecessor-version":[{"id":17628,"href":"https:\/\/www.noticiasmas.com.ar\/index.php\/wp-json\/wp\/v2\/posts\/17624\/revisions\/17628"}],"wp:featuredmedia":[{"embeddable":true,"href":"https:\/\/www.noticiasmas.com.ar\/index.php\/wp-json\/wp\/v2\/media\/17625"}],"wp:attachment":[{"href":"https:\/\/www.noticiasmas.com.ar\/index.php\/wp-json\/wp\/v2\/media?parent=17624"}],"wp:term":[{"taxonomy":"category","embeddable":true,"href":"https:\/\/www.noticiasmas.com.ar\/index.php\/wp-json\/wp\/v2\/categories?post=17624"},{"taxonomy":"post_tag","embeddable":true,"href":"https:\/\/www.noticiasmas.com.ar\/index.php\/wp-json\/wp\/v2\/tags?post=17624"}],"curies":[{"name":"wp","href":"https:\/\/api.w.org\/{rel}","templated":true}]}}