{"id":17640,"date":"2025-09-08T18:35:43","date_gmt":"2025-09-08T21:35:43","guid":{"rendered":"https:\/\/www.noticiasmas.com.ar\/?p=17640"},"modified":"2025-09-08T18:38:51","modified_gmt":"2025-09-08T21:38:51","slug":"vassalli-este-lunes-fracaso-nuevamente-audiencia-y-se-pedira-a-fuerza-publica-que-obliguen-a-duenos-a-presentarse","status":"publish","type":"post","link":"https:\/\/www.noticiasmas.com.ar\/index.php\/2025\/09\/08\/vassalli-este-lunes-fracaso-nuevamente-audiencia-y-se-pedira-a-fuerza-publica-que-obliguen-a-duenos-a-presentarse\/","title":{"rendered":"VASSALLI: ESTE LUNES FRACASO NUEVAMENTE AUDIENCIA Y SE PEDIR\u00c1 A FUERZA PUBLICA QUE OBLIGUEN A DUE\u00d1OS A PRESENTARSE"},"content":{"rendered":"\n<p>Los directivos de empresa de maquinaria agr\u00edcola Vassalli, junto a sus representantes legales no se presentaron nuevamente en la audiencia convocada para este lunes en el Ministerio de Trabajo. La situaci\u00f3n trajo el des\u00e1nimo del gremio UOM local que no se que &#8220;se pueda encaminar una soluci\u00f3n\u201d, y ante los desplantes han presentado un escrito para que la fuerza p\u00fablica obligue a los directivos a presentarse. As\u00ed lo confirm\u00f3 Diego Romero, Secretario General de UOM \u2013 seccional Firmat -.<\/p>\n\n\n\n<p>Por lo pronto la planta en Firmat estar\u00e1 cerrada del lunes 8 al viernes 12 de septiembre. En ese sentido, los trabajadores se han presentado este lunes y se han quedado afuera de la planta haciendo guardia, una metodolog\u00eda que promete seguir toda la semana.<\/p>\n\n\n\n<p>Y el foco se traslada al pr\u00f3ximo viernes donde el gremio metal\u00fargico ha organizado una movilizaci\u00f3n en la ciudad de Firmat que promete ser hist\u00f3rica con un acto frente a la planta de Vassali con la presencia del secretario general nacional del gremio, Abel Furl\u00e1n. Se suman 11 seccionales de todo el pa\u00eds del gremio metal\u00fargico.<\/p>\n\n\n\n<p>En medio de todo este conflicto se convoc\u00f3 a una nueva audiencia este pr\u00f3ximo lunes en el Ministerio de Trabajo con sede en Rosario a las 12 del mediod\u00eda.<\/p>\n\n\n\n<p>DELEGADOS CON DESAFUERO<\/p>\n\n\n\n<p>Los directivos han tomado una medida de desafuero con 4 trabajadores que son delegados gremiales. La medida adoptada tiene que ver con \u201cdesobligar\u201d a los trabajadores que cumplir sus funciones de trabajo. Una actitud de \u201cdespido encubierto\u201d, para el gremio. En este sentido, tambi\u00e9n se ha pedido a la cartera laboral que la firma \u201cretrotraiga\u201d, dicha medida.<\/p>\n","protected":false},"excerpt":{"rendered":"<p>Los directivos de empresa de maquinaria agr\u00edcola Vassalli, junto a sus representantes legales no se presentaron nuevamente en la audiencia convocada para este lunes en el Ministerio de Trabajo. La situaci\u00f3n trajo el des\u00e1nimo del gremio UOM local que no se que &#8220;se pueda encaminar una soluci\u00f3n\u201d, y ante los desplantes han presentado un escrito [&hellip;]<\/p>\n","protected":false},"author":5,"featured_media":14780,"comment_status":"closed","ping_status":"open","sticky":false,"template":"","format":"standard","meta":{"tdm_status":"","tdm_grid_status":"","footnotes":""},"categories":[13],"tags":[4452,5171,226,5317,5294],"class_list":{"0":"post-17640","1":"post","2":"type-post","3":"status-publish","4":"format-standard","5":"has-post-thumbnail","7":"category-region","8":"tag-firmat","9":"tag-fracaso-audiencia","10":"tag-gremiales","11":"tag-planta-cerrada","12":"tag-vassalli"},"_links":{"self":[{"href":"https:\/\/www.noticiasmas.com.ar\/index.php\/wp-json\/wp\/v2\/posts\/17640","targetHints":{"allow":["GET"]}}],"collection":[{"href":"https:\/\/www.noticiasmas.com.ar\/index.php\/wp-json\/wp\/v2\/posts"}],"about":[{"href":"https:\/\/www.noticiasmas.com.ar\/index.php\/wp-json\/wp\/v2\/types\/post"}],"author":[{"embeddable":true,"href":"https:\/\/www.noticiasmas.com.ar\/index.php\/wp-json\/wp\/v2\/users\/5"}],"replies":[{"embeddable":true,"href":"https:\/\/www.noticiasmas.com.ar\/index.php\/wp-json\/wp\/v2\/comments?post=17640"}],"version-history":[{"count":1,"href":"https:\/\/www.noticiasmas.com.ar\/index.php\/wp-json\/wp\/v2\/posts\/17640\/revisions"}],"predecessor-version":[{"id":17641,"href":"https:\/\/www.noticiasmas.com.ar\/index.php\/wp-json\/wp\/v2\/posts\/17640\/revisions\/17641"}],"wp:featuredmedia":[{"embeddable":true,"href":"https:\/\/www.noticiasmas.com.ar\/index.php\/wp-json\/wp\/v2\/media\/14780"}],"wp:attachment":[{"href":"https:\/\/www.noticiasmas.com.ar\/index.php\/wp-json\/wp\/v2\/media?parent=17640"}],"wp:term":[{"taxonomy":"category","embeddable":true,"href":"https:\/\/www.noticiasmas.com.ar\/index.php\/wp-json\/wp\/v2\/categories?post=17640"},{"taxonomy":"post_tag","embeddable":true,"href":"https:\/\/www.noticiasmas.com.ar\/index.php\/wp-json\/wp\/v2\/tags?post=17640"}],"curies":[{"name":"wp","href":"https:\/\/api.w.org\/{rel}","templated":true}]}}