{"id":17645,"date":"2025-09-08T19:48:57","date_gmt":"2025-09-08T22:48:57","guid":{"rendered":"https:\/\/www.noticiasmas.com.ar\/?p=17645"},"modified":"2025-09-08T19:49:00","modified_gmt":"2025-09-08T22:49:00","slug":"la-educacion-en-puerto-gaboto-cinco-siglos-de-huellas-y-suenos-colectivos","status":"publish","type":"post","link":"https:\/\/www.noticiasmas.com.ar\/index.php\/2025\/09\/08\/la-educacion-en-puerto-gaboto-cinco-siglos-de-huellas-y-suenos-colectivos\/","title":{"rendered":"La educaci\u00f3n en Puerto Gaboto: cinco siglos de huellas y sue\u00f1os colectivos"},"content":{"rendered":"\n<p>Camino al V Centenario de Puerto Gaboto, por el Profesor Ricardo N. Gonz\u00e1lez.<\/p>\n\n\n\n<p>Septiembre nos invita cada a\u00f1o a reflexionar sobre la Educaci\u00f3n. Pero en este 2025, cuando Puerto Gaboto se empieza a preparar para conmemorar los 500 a\u00f1os de la fundaci\u00f3n del Fuerte Sancti Sp\u00edritus, detenernos en su historia educativa adquiere un valor singular. Porque hablar de educaci\u00f3n en Gaboto es hablar de ra\u00edces, de luchas, de silencios y tambi\u00e9n de sue\u00f1os cumplidos.<\/p>\n\n\n\n<p>Primeras luces en tiempos de conquista<\/p>\n\n\n\n<p>En los albores de la colonizaci\u00f3n, la ense\u00f1anza lleg\u00f3 de la mano de los doctrineros franciscanos. Fray Lucas Leguizam\u00f3n aparece en los documentos de 1708 como el primer educador en una reducci\u00f3n de indios calchaqu\u00edes en nuestro \u201cRinc\u00f3n de Gaboto\u201d. M\u00e1s tarde, en 1740, fue confirmado oficialmente como doctrinero, logrando incluso una partida de 500 pesos para levantar la iglesia. La educaci\u00f3n, en aquellos tiempos, se confund\u00eda con la evangelizaci\u00f3n y con la tarea de \u201creducir\u201d a los pueblos originarios a la vida sedentaria y cristiana.<\/p>\n\n\n\n<p>Durante m\u00e1s de un siglo, hasta 1896, la acci\u00f3n franciscana proyect\u00f3 cultura y doctrina desde San Lorenzo hacia estas tierras. All\u00ed germin\u00f3 el primer contacto formal de Gaboto con la ense\u00f1anza.<\/p>\n\n\n\n<p>La escuela primaria: pionera en la provincia<\/p>\n\n\n\n<p>En 1865 se fund\u00f3 la primera escuela primaria para varones, una de las m\u00e1s antiguas de Santa Fe, anterior incluso a la Ley 1420 que en 1884 consagr\u00f3 la educaci\u00f3n laica, gratuita y obligatoria. El primer preceptor fue don Hilari\u00f3n Fluc. Apenas cuatro a\u00f1os despu\u00e9s, en el Censo Nacional de 1869, ya aparece el nombre de Casimira Mart\u00ednez, maestra de escuela, demostrando que tambi\u00e9n las mujeres empezaban a escribir esta historia.<\/p>\n\n\n\n<p>Con el paso de las d\u00e9cadas, la escuela se ampli\u00f3, dej\u00f3 de ser solo para varones, incorpor\u00f3 grados hasta llegar al s\u00e9ptimo y se convirti\u00f3 en lo que hoy conocemos como la Escuela N\u00b0 292 \u201cSebasti\u00e1n Gaboto\u201d. Sus aulas fueron y siguen siendo semillero de generaciones que aprendieron a leer, escribir y so\u00f1ar entre sus paredes.<\/p>\n\n\n\n<p>El desaf\u00edo de los adultos: la nocturna gabotera<\/p>\n\n\n\n<p>El siglo XX trajo nuevos desaf\u00edos. La educaci\u00f3n no se limit\u00f3 a los ni\u00f1os: muchos adultos, con trabajo y familia a cuestas, encontraron en la Escuela Nocturna una oportunidad. La sede de la 292, la capilla y el Centro de Capacitaci\u00f3n Laboral fueron espacios donde docentes comprometidos como Beatriz Morante (Chuli), Milena, Chela, Marta y tantas otras maestras encendieron la chispa del conocimiento en hombres y mujeres que buscaban algo m\u00e1s que un t\u00edtulo: buscaban dignidad. \u201cYa no nos van a enga\u00f1ar\u201d, dec\u00edan con orgullo los alfabetizados.<\/p>\n\n\n\n<p>Jard\u00edn de Infantes y oficios: nuevas puertas al futuro<\/p>\n\n\n\n<p>En 1974 se cre\u00f3 el Jard\u00edn de Infantes N\u00b0 16 \u201cManuel Belgrano\u201d, un paso fundamental que asegur\u00f3 que la educaci\u00f3n en Gaboto comenzara desde los primeros a\u00f1os. En paralelo, el Taller de Educaci\u00f3n Manual (con el maestro Coirini) y el Centro Comunitario de Capacitaci\u00f3n Laboral (la escuela del hno Bonaccina) \u201cPadre Juan Le\u00f3n Deh\u00f3n\u201d formaron a j\u00f3venes en carpinter\u00eda, electricidad, corte y confecci\u00f3n, artesan\u00edas y dactilograf\u00eda. All\u00ed no solo se aprend\u00edan oficios: se constru\u00edan proyectos de vida.<\/p>\n\n\n\n<p>La semilla de ese centro de formaci\u00f3n deriv\u00f3 en la Escuela T\u00e9cnica Particular Incorporada N\u00b0 2049 \u201cPadre Juan L. Deh\u00f3n\u201d, que desde los a\u00f1os \u201980 otorga t\u00edtulo secundario y completa el c\u00edrculo formativo de los j\u00f3venes gaboteros.<\/p>\n\n\n\n<p>Medio milenio de educaci\u00f3n<\/p>\n\n\n\n<p>Si algo ense\u00f1a la historia educativa de Puerto Gaboto es que la escuela no es solo un edificio ni un listado de maestros y alumnos. Es un entramado de esfuerzos comunitarios, de vocaciones docentes y de familias que comprendieron que aprender era la mejor herencia para sus hijos.<\/p>\n\n\n\n<p>En este septiembre, mes de la Educaci\u00f3n, y empezando con el recuerdo colectivo hacia los 500 a\u00f1os del Fuerte Sancti Sp\u00edritus, mirar hacia atr\u00e1s nos permite valorar el largo camino recorrido: de los doctrineros a los maestros laicos, de las aulas improvisadas a los jardines y escuelas t\u00e9cnicas, de la alfabetizaci\u00f3n de adultos a la educaci\u00f3n integral.<\/p>\n\n\n\n<p>La historia de la educaci\u00f3n en Gaboto es, en definitiva, la historia de un pueblo que nunca dej\u00f3 de creer en la fuerza transformadora del saber.<\/p>\n","protected":false},"excerpt":{"rendered":"<p>Camino al V Centenario de Puerto Gaboto, por el Profesor Ricardo N. Gonz\u00e1lez. Septiembre nos invita cada a\u00f1o a reflexionar sobre la Educaci\u00f3n. Pero en este 2025, cuando Puerto Gaboto se empieza a preparar para conmemorar los 500 a\u00f1os de la fundaci\u00f3n del Fuerte Sancti Sp\u00edritus, detenernos en su historia educativa adquiere un valor singular. [&hellip;]<\/p>\n","protected":false},"author":5,"featured_media":17646,"comment_status":"closed","ping_status":"open","sticky":false,"template":"","format":"standard","meta":{"tdm_status":"","tdm_grid_status":"","footnotes":""},"categories":[4],"tags":[1349,149,5321,1250],"class_list":{"0":"post-17645","1":"post","2":"type-post","3":"status-publish","4":"format-standard","5":"has-post-thumbnail","7":"category-culturayespectaculos","8":"tag-camino-al-v-centenario","9":"tag-educacion","10":"tag-profesor-ricardo-gonzalez","11":"tag-puerto-gaboto"},"_links":{"self":[{"href":"https:\/\/www.noticiasmas.com.ar\/index.php\/wp-json\/wp\/v2\/posts\/17645","targetHints":{"allow":["GET"]}}],"collection":[{"href":"https:\/\/www.noticiasmas.com.ar\/index.php\/wp-json\/wp\/v2\/posts"}],"about":[{"href":"https:\/\/www.noticiasmas.com.ar\/index.php\/wp-json\/wp\/v2\/types\/post"}],"author":[{"embeddable":true,"href":"https:\/\/www.noticiasmas.com.ar\/index.php\/wp-json\/wp\/v2\/users\/5"}],"replies":[{"embeddable":true,"href":"https:\/\/www.noticiasmas.com.ar\/index.php\/wp-json\/wp\/v2\/comments?post=17645"}],"version-history":[{"count":1,"href":"https:\/\/www.noticiasmas.com.ar\/index.php\/wp-json\/wp\/v2\/posts\/17645\/revisions"}],"predecessor-version":[{"id":17647,"href":"https:\/\/www.noticiasmas.com.ar\/index.php\/wp-json\/wp\/v2\/posts\/17645\/revisions\/17647"}],"wp:featuredmedia":[{"embeddable":true,"href":"https:\/\/www.noticiasmas.com.ar\/index.php\/wp-json\/wp\/v2\/media\/17646"}],"wp:attachment":[{"href":"https:\/\/www.noticiasmas.com.ar\/index.php\/wp-json\/wp\/v2\/media?parent=17645"}],"wp:term":[{"taxonomy":"category","embeddable":true,"href":"https:\/\/www.noticiasmas.com.ar\/index.php\/wp-json\/wp\/v2\/categories?post=17645"},{"taxonomy":"post_tag","embeddable":true,"href":"https:\/\/www.noticiasmas.com.ar\/index.php\/wp-json\/wp\/v2\/tags?post=17645"}],"curies":[{"name":"wp","href":"https:\/\/api.w.org\/{rel}","templated":true}]}}