{"id":17685,"date":"2025-09-10T08:32:53","date_gmt":"2025-09-10T11:32:53","guid":{"rendered":"https:\/\/www.noticiasmas.com.ar\/?p=17685"},"modified":"2025-09-10T08:32:56","modified_gmt":"2025-09-10T11:32:56","slug":"educacion-fisica-en-la-unr-se-dictara-en-el-gimnasio-de-calle-moreno-y-comenzara-a-dictarse-en-abril","status":"publish","type":"post","link":"https:\/\/www.noticiasmas.com.ar\/index.php\/2025\/09\/10\/educacion-fisica-en-la-unr-se-dictara-en-el-gimnasio-de-calle-moreno-y-comenzara-a-dictarse-en-abril\/","title":{"rendered":"Educaci\u00f3n F\u00edsica en la UNR: Se dictar\u00e1 en el gimnasio de calle Moreno y comenzar\u00e1 a dictarse en abril\u00a0"},"content":{"rendered":"\n<p>La nueva oferta acad\u00e9mica de la Universidad Nacional de Rosario correspondiente a la Facultad de Ciencias del Movimiento Humano, estar\u00e1 disponible a partir del ciclo lectivo 2026, por lo que a fines de este a\u00f1o se abrir\u00e1n las inscripciones para quienes quieran estudiarla y ser la primera camada de ingresantes.<\/p>\n\n\n\n<p>Las cuatro carreras disponibles ser\u00e1n profesorado en Educaci\u00f3n F\u00edsica, licenciatura en Deporte, licenciatura en Sistemas Integrales de Cuidado y tecnicatura en acompa\u00f1amiento de la persona mayor. En principio, todas se van a dictar en el Gimnasio de la universidad ubicado en calle Moreno al 400.&nbsp;<\/p>\n\n\n\n<p>En la pr\u00f3xima Expo Carreras de Rosario, que se llevar\u00e1 a cabo del 17 al 19 de septiembre en los galpones de la Franja Joven del R\u00edo, se realizar\u00e1 una presentaci\u00f3n oficial de esta nueva oferta acad\u00e9mica libre y gratuita para los y las j\u00f3venes de toda la regi\u00f3n.<\/p>\n\n\n\n<p>Cabe destacar que el per\u00edodo de inscripciones, como el de toda la oferta acad\u00e9mica de la universidad p\u00fablica rosarina, comenzar\u00e1 a fines de este 2025.&nbsp;<\/p>\n\n\n\n<p>Si bien todav\u00eda no fue anunciada la modalidad de inscripci\u00f3n (habitualmente se realiza todo en modalidad online), desde la universidad se\u00f1alaron que se pondr\u00e1 a disposici\u00f3n prontamente el protocolo de ingreso.<\/p>\n","protected":false},"excerpt":{"rendered":"<p>La nueva oferta acad\u00e9mica de la Universidad Nacional de Rosario correspondiente a la Facultad de Ciencias del Movimiento Humano, estar\u00e1 disponible a partir del ciclo lectivo 2026, por lo que a fines de este a\u00f1o se abrir\u00e1n las inscripciones para quienes quieran estudiarla y ser la primera camada de ingresantes. Las cuatro carreras disponibles ser\u00e1n [&hellip;]<\/p>\n","protected":false},"author":9,"featured_media":17686,"comment_status":"closed","ping_status":"open","sticky":false,"template":"","format":"standard","meta":{"tdm_status":"","tdm_grid_status":"","footnotes":""},"categories":[14],"tags":[149,3613,545,546],"class_list":{"0":"post-17685","1":"post","2":"type-post","3":"status-publish","4":"format-standard","5":"has-post-thumbnail","7":"category-provinciales","8":"tag-educacion","9":"tag-educacion-fisica","10":"tag-universidad-nacional-de-rosario","11":"tag-unr"},"_links":{"self":[{"href":"https:\/\/www.noticiasmas.com.ar\/index.php\/wp-json\/wp\/v2\/posts\/17685","targetHints":{"allow":["GET"]}}],"collection":[{"href":"https:\/\/www.noticiasmas.com.ar\/index.php\/wp-json\/wp\/v2\/posts"}],"about":[{"href":"https:\/\/www.noticiasmas.com.ar\/index.php\/wp-json\/wp\/v2\/types\/post"}],"author":[{"embeddable":true,"href":"https:\/\/www.noticiasmas.com.ar\/index.php\/wp-json\/wp\/v2\/users\/9"}],"replies":[{"embeddable":true,"href":"https:\/\/www.noticiasmas.com.ar\/index.php\/wp-json\/wp\/v2\/comments?post=17685"}],"version-history":[{"count":1,"href":"https:\/\/www.noticiasmas.com.ar\/index.php\/wp-json\/wp\/v2\/posts\/17685\/revisions"}],"predecessor-version":[{"id":17687,"href":"https:\/\/www.noticiasmas.com.ar\/index.php\/wp-json\/wp\/v2\/posts\/17685\/revisions\/17687"}],"wp:featuredmedia":[{"embeddable":true,"href":"https:\/\/www.noticiasmas.com.ar\/index.php\/wp-json\/wp\/v2\/media\/17686"}],"wp:attachment":[{"href":"https:\/\/www.noticiasmas.com.ar\/index.php\/wp-json\/wp\/v2\/media?parent=17685"}],"wp:term":[{"taxonomy":"category","embeddable":true,"href":"https:\/\/www.noticiasmas.com.ar\/index.php\/wp-json\/wp\/v2\/categories?post=17685"},{"taxonomy":"post_tag","embeddable":true,"href":"https:\/\/www.noticiasmas.com.ar\/index.php\/wp-json\/wp\/v2\/tags?post=17685"}],"curies":[{"name":"wp","href":"https:\/\/api.w.org\/{rel}","templated":true}]}}