{"id":17744,"date":"2025-09-11T18:39:13","date_gmt":"2025-09-11T21:39:13","guid":{"rendered":"https:\/\/www.noticiasmas.com.ar\/?p=17744"},"modified":"2025-09-11T18:39:16","modified_gmt":"2025-09-11T21:39:16","slug":"gremio-de-trabajadores-nodocentes-realizan-un-paro-de-24-horas-sin-asistencia-a-los-lugares-de-trabajo","status":"publish","type":"post","link":"https:\/\/www.noticiasmas.com.ar\/index.php\/2025\/09\/11\/gremio-de-trabajadores-nodocentes-realizan-un-paro-de-24-horas-sin-asistencia-a-los-lugares-de-trabajo\/","title":{"rendered":"GREMIO DE TRABAJADORES NODOCENTES REALIZAN UN PARO DE 24 HORAS SIN ASISTENCIA A LOS LUGARES DE TRABAJO"},"content":{"rendered":"\n<p>Tras el veto presidencial a la ley de financiamiento universitario dictada por el gobierno nacional, desde el sector de trabajadores Nodocentes de la UNR enrolados en el gremio APUR dictaron un paro de 24 horas para este viernes 12 de septiembre. Afecta a todas las facultades y escuela dependientes de la Universidad nacional de Rosario. Este Viernes facultades y Escuelas dependientes de la UNR cerradas.<\/p>\n\n\n\n<p>As\u00ed lo confirm\u00f3 en un comunicado el gremio Apur: \u201cFrente al veto presidencial a la ley de financiamiento universitario los y las trabajadores Nodocentes de la UNR haremos un paro de 24 horas sin concurrencia a los lugares de trabajo. Se garantizan guardias m\u00ednimas al cuidado de la salud humana y animal\u201d.<\/p>\n\n\n\n<p>El gremio local se suma de esta manera a la medida de lucha nacional que dict\u00f3 el Frente Sindical Universitario.<\/p>\n\n\n\n<p>Asimismo, Miguel Roldan, secretario general de Apur ampli\u00f3 indicando que, \u201cel d\u00eda que la C\u00e1mara de Diputados de la naci\u00f3n trate el rechazo al veto nos movilizaremos en todo el pa\u00eds en una gran Marcha Federal\u201d.<\/p>\n","protected":false},"excerpt":{"rendered":"<p>Tras el veto presidencial a la ley de financiamiento universitario dictada por el gobierno nacional, desde el sector de trabajadores Nodocentes de la UNR enrolados en el gremio APUR dictaron un paro de 24 horas para este viernes 12 de septiembre. Afecta a todas las facultades y escuela dependientes de la Universidad nacional de Rosario. [&hellip;]<\/p>\n","protected":false},"author":5,"featured_media":17745,"comment_status":"closed","ping_status":"open","sticky":false,"template":"","format":"standard","meta":{"tdm_status":"","tdm_grid_status":"","footnotes":""},"categories":[13],"tags":[2682,5365,5364,163,546],"class_list":{"0":"post-17744","1":"post","2":"type-post","3":"status-publish","4":"format-standard","5":"has-post-thumbnail","7":"category-region","8":"tag-apur","9":"tag-contra-al-veto","10":"tag-paro-viernes-12","11":"tag-rosario","12":"tag-unr"},"_links":{"self":[{"href":"https:\/\/www.noticiasmas.com.ar\/index.php\/wp-json\/wp\/v2\/posts\/17744","targetHints":{"allow":["GET"]}}],"collection":[{"href":"https:\/\/www.noticiasmas.com.ar\/index.php\/wp-json\/wp\/v2\/posts"}],"about":[{"href":"https:\/\/www.noticiasmas.com.ar\/index.php\/wp-json\/wp\/v2\/types\/post"}],"author":[{"embeddable":true,"href":"https:\/\/www.noticiasmas.com.ar\/index.php\/wp-json\/wp\/v2\/users\/5"}],"replies":[{"embeddable":true,"href":"https:\/\/www.noticiasmas.com.ar\/index.php\/wp-json\/wp\/v2\/comments?post=17744"}],"version-history":[{"count":1,"href":"https:\/\/www.noticiasmas.com.ar\/index.php\/wp-json\/wp\/v2\/posts\/17744\/revisions"}],"predecessor-version":[{"id":17746,"href":"https:\/\/www.noticiasmas.com.ar\/index.php\/wp-json\/wp\/v2\/posts\/17744\/revisions\/17746"}],"wp:featuredmedia":[{"embeddable":true,"href":"https:\/\/www.noticiasmas.com.ar\/index.php\/wp-json\/wp\/v2\/media\/17745"}],"wp:attachment":[{"href":"https:\/\/www.noticiasmas.com.ar\/index.php\/wp-json\/wp\/v2\/media?parent=17744"}],"wp:term":[{"taxonomy":"category","embeddable":true,"href":"https:\/\/www.noticiasmas.com.ar\/index.php\/wp-json\/wp\/v2\/categories?post=17744"},{"taxonomy":"post_tag","embeddable":true,"href":"https:\/\/www.noticiasmas.com.ar\/index.php\/wp-json\/wp\/v2\/tags?post=17744"}],"curies":[{"name":"wp","href":"https:\/\/api.w.org\/{rel}","templated":true}]}}