{"id":1777,"date":"2023-12-26T14:35:26","date_gmt":"2023-12-26T17:35:26","guid":{"rendered":"https:\/\/www.noticiasmas.com.ar\/?p=1777"},"modified":"2023-12-26T14:35:27","modified_gmt":"2023-12-26T17:35:27","slug":"se-suspendio-el-boleto-educativo-gratuito-en-santa-fe-aunque-continuaria-el-ano-proximo","status":"publish","type":"post","link":"https:\/\/www.noticiasmas.com.ar\/index.php\/2023\/12\/26\/se-suspendio-el-boleto-educativo-gratuito-en-santa-fe-aunque-continuaria-el-ano-proximo\/","title":{"rendered":"Se suspendi\u00f3 el Boleto Educativo Gratuito en Santa Fe aunque continuar\u00eda el a\u00f1o pr\u00f3ximo"},"content":{"rendered":"\n<p> <p class=\"MsoNormal\"><span style=\"background-color: rgb(255, 255, 255); color: initial;\">  <\/span>El<strong> Boleto Educativo Gratuito<\/strong> tuvo <em>este fin de semana su cierre de ciclo lectivo 2023<\/em>, pese a que muchos docentes y no docentes contin\u00faan asistiendo a los establecimientos educativos en estos \u00faltimos d\u00edas del a\u00f1o.<\/p> <p class=\"MsoNormal\">El programa estaba estipulado, al igual que beneficios anteriores y complementarios como el Medio Boleto, hasta el pasado <strong>viernes 22 de diciembre<\/strong>, por lo que ya impact\u00f3 realmente en las tarjetas para cancelar el pasaje en este comienzo de semana tras fin de semana largo. <\/p> <p class=\"MsoNormal\">La continuidad del programa, por lo menos de forma discursiva, <strong>fue garantizada<\/strong> por el nuevo gobernador <strong>Maximiliano Pullaro.<\/strong> \u201c<em>No hay ning\u00fan tipo de discusi\u00f3n<\/em>\u201d, hab\u00eda dicho con respecto al programa. \u201cLo vamos a mantener, porque fue una pol\u00edtica p\u00fablica muy importante, que se utiliza, que los chicos logran con eso poder viajar y poder sostenerse en el sistema educativo\u201d, se\u00f1al\u00f3.<\/p> <p class=\"MsoNormal\">El programa, lanzado por el perotismo en los comienzos de su gesti\u00f3n, otorga dos pasajes diarios para viajar a los establecimientos educativos, y funcionaba a la par del Medio Boleto, que se carga y cancela autom\u00e1ticamente de las tarjetas que tienen vinculado el beneficio. <\/p> <p class=\"MsoNormal\">Actualmente, 320.000 usuarios y usuarias gozan de este beneficio que se ver\u00e1, a partir de hoy, suspendido y hasta nuevo aviso. <\/p> <\/p>\n","protected":false},"excerpt":{"rendered":"<p>El Boleto Educativo Gratuito tuvo este fin de semana su cierre de ciclo lectivo 2023, pese a que muchos docentes y no docentes contin\u00faan asistiendo a los establecimientos educativos en estos \u00faltimos d\u00edas del a\u00f1o. El programa estaba estipulado, al igual que beneficios anteriores y complementarios como el Medio Boleto, hasta el pasado viernes 22 [&hellip;]<\/p>\n","protected":false},"author":9,"featured_media":1785,"comment_status":"closed","ping_status":"open","sticky":false,"template":"","format":"standard","meta":{"tdm_status":"","tdm_grid_status":"","footnotes":""},"categories":[13],"tags":[654,722,723,149,63,18,437],"class_list":{"0":"post-1777","1":"post","2":"type-post","3":"status-publish","4":"format-standard","5":"has-post-thumbnail","7":"category-region","8":"tag-beneficios","9":"tag-boleto-educativo-gratuito","10":"tag-descuentos","11":"tag-educacion","12":"tag-maximiliano-pullaro","13":"tag-santa-fe","14":"tag-transporte"},"_links":{"self":[{"href":"https:\/\/www.noticiasmas.com.ar\/index.php\/wp-json\/wp\/v2\/posts\/1777","targetHints":{"allow":["GET"]}}],"collection":[{"href":"https:\/\/www.noticiasmas.com.ar\/index.php\/wp-json\/wp\/v2\/posts"}],"about":[{"href":"https:\/\/www.noticiasmas.com.ar\/index.php\/wp-json\/wp\/v2\/types\/post"}],"author":[{"embeddable":true,"href":"https:\/\/www.noticiasmas.com.ar\/index.php\/wp-json\/wp\/v2\/users\/9"}],"replies":[{"embeddable":true,"href":"https:\/\/www.noticiasmas.com.ar\/index.php\/wp-json\/wp\/v2\/comments?post=1777"}],"version-history":[{"count":1,"href":"https:\/\/www.noticiasmas.com.ar\/index.php\/wp-json\/wp\/v2\/posts\/1777\/revisions"}],"predecessor-version":[{"id":1786,"href":"https:\/\/www.noticiasmas.com.ar\/index.php\/wp-json\/wp\/v2\/posts\/1777\/revisions\/1786"}],"wp:featuredmedia":[{"embeddable":true,"href":"https:\/\/www.noticiasmas.com.ar\/index.php\/wp-json\/wp\/v2\/media\/1785"}],"wp:attachment":[{"href":"https:\/\/www.noticiasmas.com.ar\/index.php\/wp-json\/wp\/v2\/media?parent=1777"}],"wp:term":[{"taxonomy":"category","embeddable":true,"href":"https:\/\/www.noticiasmas.com.ar\/index.php\/wp-json\/wp\/v2\/categories?post=1777"},{"taxonomy":"post_tag","embeddable":true,"href":"https:\/\/www.noticiasmas.com.ar\/index.php\/wp-json\/wp\/v2\/tags?post=1777"}],"curies":[{"name":"wp","href":"https:\/\/api.w.org\/{rel}","templated":true}]}}