{"id":17790,"date":"2025-09-12T18:25:52","date_gmt":"2025-09-12T21:25:52","guid":{"rendered":"https:\/\/www.noticiasmas.com.ar\/?p=17790"},"modified":"2025-09-12T18:25:55","modified_gmt":"2025-09-12T21:25:55","slug":"aceiteros-uom-ate-y-sipreba-impulsan-la-unidad-de-la-clase-trabajadora","status":"publish","type":"post","link":"https:\/\/www.noticiasmas.com.ar\/index.php\/2025\/09\/12\/aceiteros-uom-ate-y-sipreba-impulsan-la-unidad-de-la-clase-trabajadora\/","title":{"rendered":"ACEITEROS &#8211; UOM- ATE Y SIPreBA IMPULSAN LA UNIDAD DE LA CLASE TRABAJADORA"},"content":{"rendered":"\n<p>Los secretarios generales Daniel Yofra (Federaci\u00f3n Aceitera y Desmotadora de Algod\u00f3n), Abel Furl\u00e1n (UOM), Rodolfo Aguiar (ATE) y Agust\u00edn Lecchi (SiPreBA) coincidieron en la necesidad de unir a la clase trabajadora detr\u00e1s de la lucha por el Salario M\u00ednimo Vital y M\u00f3vil, seg\u00fan su definici\u00f3n constitucional y legal, y reivindicaron el derecho a huelga como herramienta para garantizar el derecho a un salario digno. Fue durante el Encuentro Sindical que reuni\u00f3 a 280 delegados de los cuatro gremios, donde tambi\u00e9n destacaron la necesidad de tener un programa de la clase trabajadora.<\/p>\n\n\n\n<p>\u201cCuando los trabajadores nos unimos, nada puede salir mal. Este gobierno que no tiene empat\u00eda por los m\u00e1s d\u00e9biles hizo todo lo posible para que nos junt\u00e1ramos\u201d, dijo Yofra al abrir la mesa \u201cLa acci\u00f3n sindical frente a la situaci\u00f3n de la clase trabajadora\u201d y afirm\u00f3: \u201cLa fuerza la tenemos los trabajadores de este pa\u00eds. Si nos unimos no hay ning\u00fan gobierno que pueda quitarnos derechos, ni que pueda detener ninguna huelga\u201d.<\/p>\n\n\n\n<p>Yofra destac\u00f3: \u201cPara nosotros, para nuestra organizaci\u00f3n, la lucha por el salario es el eje fundamental. Cuando se puede garantizar alimentaci\u00f3n, salud, esparcimiento, previsi\u00f3n, transporte y vacaciones, le estamos dando a la clase trabajadora una herramienta fundamental para que nuestros hijos puedan ir a la facultad, para podamos tener un auto, comprar una casa o irnos de vacaciones\u201d.<\/p>\n\n\n\n<p>Furl\u00e1n consider\u00f3 que \u201ces un escenario muy parecido al de la dictadura porque el proyecto pol\u00edtico no ha cambiado. Ya no lo hacen con un ej\u00e9rcito, porque hoy con un celular son m\u00e1s contundentes que con una ametralladora\u201d.<\/p>\n\n\n\n<p>\u201cTenemos que empezar por ac\u00e1, por esclarecernos, pero tambi\u00e9n ver c\u00f3mo nos organizamos para la resistencia. Y como esto va a tener un fin, ese fin no nos tiene que encontrar sin saber qu\u00e9 hacer. Tenemos que tener una propuesta. Tenemos que tener un programa porque cuando tuvimos un programa pudimos decir qu\u00e9 pa\u00eds quer\u00edamos\u201d, consider\u00f3 Furl\u00e1n.<\/p>\n\n\n\n<p>Al analizar los posibles ejes de ese programa obrero, Furl\u00e1n se\u00f1al\u00f3: \u201cEste modelo econ\u00f3mico no va a cerrar si no siguen tomando deuda externa \u00bfvamos de dejar de se\u00f1alar el da\u00f1o que va a hacer eso? Me parece que no, porque no solamente est\u00e1n destruyendo el entramado productivo, sino que el endeudamiento va a ser tan atroz que vamos a terminar discutiendo si se llevan los recursos naturales para pagar la deuda. Tenemos que discutir la industrializaci\u00f3n de los recursos naturales para tener salarios dignos, pero tambi\u00e9n para defender la soberan\u00eda de nuestro pa\u00eds\u201d.<\/p>\n\n\n\n<p>Por su parte, Aguiar sostuvo que \u201cel mensaje de las urnas de las elecciones del domingo pasado lo construyeron los trabajadores que enfrentaron el protocolo de Bullrich en las calles\u201d y se\u00f1al\u00f3 que \u201cni Milei ni su gobierno son invencibles porque vinieron por el D\u00eda del Empleado P\u00fablico y no pudieron. La Justicia nos dio la raz\u00f3n y m\u00e1s adelante impedimos el cierre de la Direcci\u00f3n Nacional de Vialidad, del INTA y del INTI. No son invencibles\u201d.<\/p>\n\n\n\n<p>\u201cSi fuimos capaces de frenar la reforma del Estado ahora tenemos que ir por los salarios. El gobierno est\u00e1 golpeado en su l\u00ednea de flotaci\u00f3n. El gobierno se debilita y tenemos que seguir golpeando, pero en unidad. Tenemos que seguir trabajando para la conformaci\u00f3n del Frente Sindical\u201d, agreg\u00f3 Aguiar.<\/p>\n\n\n\n<p>De la mesa particip\u00f3 tambi\u00e9n el Secretario General de ATE C\u00f3rdoba, Federico Giuliani, quien sostuvo que \u201cen C\u00f3rdoba hay un estado de excepci\u00f3n. El gobernador Llaryora y el ex gobernador Schiaretti tienen una mirada rom\u00e1ntica de los derechos humanos, pero hoy en C\u00f3rdoba los derechos humanos no se respetan. Hoy en C\u00f3rdoba no se est\u00e1n garantizando los derechos personales. No ha sido casual lo que nos sucedi\u00f3\u201d.<\/p>\n\n\n\n<p>\u201cHace dos meses venimos siendo hostigados y perseguidos por la justicia cordobesa, que es el brazo judicial del cordobesismo. Detr\u00e1s de eso est\u00e1n tambi\u00e9n las corporaciones con Pagani, Urqu\u00eda y Bulgheroni, que tienen como \u00fanico faro a la Fundaci\u00f3n Mediterr\u00e1nea, parida por la dictadura. Todos ellos buscan el disciplinamiento de la clase trabajadora\u201d, dijo Giulani que fue detenido junto a otros catorce trabajadores y sindicalistas durante una protesta el 28 de agosto pasado.<\/p>\n\n\n\n<p>En tanto, Lecchi destac\u00f3 el triunfo del peronismo en las elecciones de la provincia de Buenos Aires porque \u201cfue un triunfo de toda la clase trabajadora\u201d, pero se\u00f1al\u00f3: \u201cComparto lo que dec\u00eda Daniel (Yofra): no nos tenemos que dormir en los laureles. La clase trabajadora tienen que salir a luchar. Una de las agendas principales para la clase trabajadora es la lucha por los ingresos, porque este gobierno lo primero que hizo fue una devaluaci\u00f3n que provoc\u00f3 una destrucci\u00f3n de los salarios\u201d.<\/p>\n\n\n\n<p>\u201cUno de los primeros puntos es la necesidad de la recuperaci\u00f3n de los ingresos porque sin salario digno es imposible que podamos discutir un programa obrero para tener una patria soberana con inclusi\u00f3n. Junto a la huelga como herramienta de lucha, tenemos que tener un programa obrero para presentar a los gobiernos populares, porque no podemos tener un gobierno popular que no pueda discutir la deuda externa o ponerle un l\u00edmite al Fondo Monetario\u201d, agreg\u00f3 Lecchi.<\/p>\n\n\n\n<p>En la apertura de la mesa, la coordinadora Sol Calle, Secretaria General Adjunta de la CSIRA y Presidenta de IndustriALL Am\u00e9rica Latina, agradeci\u00f3 \u201cla acci\u00f3n de solidaridad de Yofra y de las y los compa\u00f1eros de la Federaci\u00f3n Aceitera con otras organizaciones hermanas\u201d.<\/p>\n\n\n\n<p>\u201cEste panel se da en un contexto muy complejo, donde el sindicalismo y los trabajadores est\u00e1n bajo una ofensiva brutal del poder real de nuestra patria. Las pol\u00edticas de ajuste y de desindustrializaci\u00f3n vienen acompa\u00f1adas de una vocaci\u00f3n expresa de los sectores de poder para debilitar las organizaciones sindicales y sus trabajadores, que somos el \u00faltimo basti\u00f3n con el que se encuentra el capital concentrado\u201d, dijo Calle.<\/p>\n\n\n\n<p>Antes de la mesa sindical, se desarroll\u00f3 un panel sobre \u201cCriminalizaci\u00f3n del derecho a la protesta y restricci\u00f3n del derecho a huelga\u201d, del que participaron la abogada laboralista Mar\u00eda Paula Lozano, el abogado laboralista Eugenio Biafore y el abogado penalista Juan Carlos Capurro.<\/p>\n\n\n\n<p>Al presentar la mesa, Mat\u00edas Cremonte, presidente de la Asociaci\u00f3n Latinoamericana de Abogados Laboralistas (ALAL), se\u00f1al\u00f3 que \u201cla resistencia de los trabajadores a las pol\u00edticas de este tipo de gobierno genera una respuesta represiva de parte del Estado\u201d.<\/p>\n\n\n\n<p>Por su parte, Biafore consider\u00f3 que \u201cante la represi\u00f3n, la protesta tiene que ser organizada e inteligente para no entregar el cuerpo ni la libertad de ning\u00fan compa\u00f1ero\u201d.<\/p>\n\n\n\n<p>A su turno, Capurro afirm\u00f3: \u201cLa lucha sindical, en la calle o detenidos, es la misma. Tenemos que tomar esto como parte de la lucha, porque los patrones son los patrones\u201d y agreg\u00f3: \u201cEn la lucha ya tiramos abajo el protocolo de Bullrich. Lo hab\u00edamos rechazado en los papeles, pero lo tiramos abajo en la calle\u201d.<\/p>\n\n\n\n<p>Adem\u00e1s, Lozano puntualiz\u00f3 que \u201cel objetivo de las reformas que hizo este gobierno es atemorizar y limitar la protesta. Para eso intentaron ampliar lo que se consideran actividades esenciales para afectar las huelgas\u201d. Y destac\u00f3: \u201cEl derecho a huelga y la protecci\u00f3n contra el despido arbitrario son las llaves para acceder a los otros derechos\u201d.<\/p>\n","protected":false},"excerpt":{"rendered":"<p>Los secretarios generales Daniel Yofra (Federaci\u00f3n Aceitera y Desmotadora de Algod\u00f3n), Abel Furl\u00e1n (UOM), Rodolfo Aguiar (ATE) y Agust\u00edn Lecchi (SiPreBA) coincidieron en la necesidad de unir a la clase trabajadora detr\u00e1s de la lucha por el Salario M\u00ednimo Vital y M\u00f3vil, seg\u00fan su definici\u00f3n constitucional y legal, y reivindicaron el derecho a huelga como [&hellip;]<\/p>\n","protected":false},"author":5,"featured_media":17791,"comment_status":"closed","ping_status":"open","sticky":false,"template":"","format":"standard","meta":{"tdm_status":"","tdm_grid_status":"","footnotes":""},"categories":[1],"tags":[254,324,897,5387,5386,1780],"class_list":{"0":"post-17790","1":"post","2":"type-post","3":"status-publish","4":"format-standard","5":"has-post-thumbnail","7":"category-nacionales","8":"tag-aceiteros","9":"tag-argentina","10":"tag-ate","11":"tag-sipreba","12":"tag-unidad-de-los-trabajadores","13":"tag-uom"},"_links":{"self":[{"href":"https:\/\/www.noticiasmas.com.ar\/index.php\/wp-json\/wp\/v2\/posts\/17790","targetHints":{"allow":["GET"]}}],"collection":[{"href":"https:\/\/www.noticiasmas.com.ar\/index.php\/wp-json\/wp\/v2\/posts"}],"about":[{"href":"https:\/\/www.noticiasmas.com.ar\/index.php\/wp-json\/wp\/v2\/types\/post"}],"author":[{"embeddable":true,"href":"https:\/\/www.noticiasmas.com.ar\/index.php\/wp-json\/wp\/v2\/users\/5"}],"replies":[{"embeddable":true,"href":"https:\/\/www.noticiasmas.com.ar\/index.php\/wp-json\/wp\/v2\/comments?post=17790"}],"version-history":[{"count":1,"href":"https:\/\/www.noticiasmas.com.ar\/index.php\/wp-json\/wp\/v2\/posts\/17790\/revisions"}],"predecessor-version":[{"id":17792,"href":"https:\/\/www.noticiasmas.com.ar\/index.php\/wp-json\/wp\/v2\/posts\/17790\/revisions\/17792"}],"wp:featuredmedia":[{"embeddable":true,"href":"https:\/\/www.noticiasmas.com.ar\/index.php\/wp-json\/wp\/v2\/media\/17791"}],"wp:attachment":[{"href":"https:\/\/www.noticiasmas.com.ar\/index.php\/wp-json\/wp\/v2\/media?parent=17790"}],"wp:term":[{"taxonomy":"category","embeddable":true,"href":"https:\/\/www.noticiasmas.com.ar\/index.php\/wp-json\/wp\/v2\/categories?post=17790"},{"taxonomy":"post_tag","embeddable":true,"href":"https:\/\/www.noticiasmas.com.ar\/index.php\/wp-json\/wp\/v2\/tags?post=17790"}],"curies":[{"name":"wp","href":"https:\/\/api.w.org\/{rel}","templated":true}]}}