{"id":17833,"date":"2025-09-15T09:22:33","date_gmt":"2025-09-15T12:22:33","guid":{"rendered":"https:\/\/www.noticiasmas.com.ar\/?p=17833"},"modified":"2025-09-15T09:22:36","modified_gmt":"2025-09-15T12:22:36","slug":"semana-gris-y-lluviosa-como-estara-el-clima-del-15-al-21-de-septiembre","status":"publish","type":"post","link":"https:\/\/www.noticiasmas.com.ar\/index.php\/2025\/09\/15\/semana-gris-y-lluviosa-como-estara-el-clima-del-15-al-21-de-septiembre\/","title":{"rendered":"Semana gris y lluviosa: c\u00f3mo estar\u00e1 el clima del 15 al 21 de septiembre\u00a0"},"content":{"rendered":"\n<p>Las temperaturas descender\u00e1n en una semana donde predominar\u00e1 el cielo gris en toda la regi\u00f3n del Cord\u00f3n Industrial.&nbsp;<\/p>\n\n\n\n<p>El Servicio Meteorol\u00f3gico Nacional anunci\u00f3 malas condiciones clim\u00e1ticas para este lunes, con lluvias que se suscitar\u00e1n principalmente durante la jornada diurna.&nbsp;<\/p>\n\n\n\n<p>El martes se ver\u00e1 durante algunos momentos un sol por la tarde, con una m\u00e1xima de 22\u00b0C. Ya el mi\u00e9rcoles la temperatura volver\u00e1 a subir hasta los 26\u00b0C y el cielo se nublar\u00e1 para continuar as\u00ed durante toda la semana.<\/p>\n\n\n\n<p>El jueves se dar\u00edan nuevos chaparrones para ya continuar inestable durante lo que resta de la semana.<\/p>\n","protected":false},"excerpt":{"rendered":"<p>Las temperaturas descender\u00e1n en una semana donde predominar\u00e1 el cielo gris en toda la regi\u00f3n del Cord\u00f3n Industrial.&nbsp; El Servicio Meteorol\u00f3gico Nacional anunci\u00f3 malas condiciones clim\u00e1ticas para este lunes, con lluvias que se suscitar\u00e1n principalmente durante la jornada diurna.&nbsp; El martes se ver\u00e1 durante algunos momentos un sol por la tarde, con una m\u00e1xima de [&hellip;]<\/p>\n","protected":false},"author":9,"featured_media":17834,"comment_status":"closed","ping_status":"open","sticky":false,"template":"","format":"standard","meta":{"tdm_status":"","tdm_grid_status":"","footnotes":""},"categories":[13],"tags":[138,392,840],"class_list":{"0":"post-17833","1":"post","2":"type-post","3":"status-publish","4":"format-standard","5":"has-post-thumbnail","7":"category-region","8":"tag-clima","9":"tag-lluvias","10":"tag-temperaturas"},"_links":{"self":[{"href":"https:\/\/www.noticiasmas.com.ar\/index.php\/wp-json\/wp\/v2\/posts\/17833","targetHints":{"allow":["GET"]}}],"collection":[{"href":"https:\/\/www.noticiasmas.com.ar\/index.php\/wp-json\/wp\/v2\/posts"}],"about":[{"href":"https:\/\/www.noticiasmas.com.ar\/index.php\/wp-json\/wp\/v2\/types\/post"}],"author":[{"embeddable":true,"href":"https:\/\/www.noticiasmas.com.ar\/index.php\/wp-json\/wp\/v2\/users\/9"}],"replies":[{"embeddable":true,"href":"https:\/\/www.noticiasmas.com.ar\/index.php\/wp-json\/wp\/v2\/comments?post=17833"}],"version-history":[{"count":1,"href":"https:\/\/www.noticiasmas.com.ar\/index.php\/wp-json\/wp\/v2\/posts\/17833\/revisions"}],"predecessor-version":[{"id":17835,"href":"https:\/\/www.noticiasmas.com.ar\/index.php\/wp-json\/wp\/v2\/posts\/17833\/revisions\/17835"}],"wp:featuredmedia":[{"embeddable":true,"href":"https:\/\/www.noticiasmas.com.ar\/index.php\/wp-json\/wp\/v2\/media\/17834"}],"wp:attachment":[{"href":"https:\/\/www.noticiasmas.com.ar\/index.php\/wp-json\/wp\/v2\/media?parent=17833"}],"wp:term":[{"taxonomy":"category","embeddable":true,"href":"https:\/\/www.noticiasmas.com.ar\/index.php\/wp-json\/wp\/v2\/categories?post=17833"},{"taxonomy":"post_tag","embeddable":true,"href":"https:\/\/www.noticiasmas.com.ar\/index.php\/wp-json\/wp\/v2\/tags?post=17833"}],"curies":[{"name":"wp","href":"https:\/\/api.w.org\/{rel}","templated":true}]}}