{"id":17874,"date":"2025-09-16T08:59:21","date_gmt":"2025-09-16T11:59:21","guid":{"rendered":"https:\/\/www.noticiasmas.com.ar\/?p=17874"},"modified":"2025-09-16T08:59:22","modified_gmt":"2025-09-16T11:59:22","slug":"villa-carlos-paz-un-adolescente-de-13-anos-fallecio-de-manera-subita-durante-una-clase-de-educacion-fisica","status":"publish","type":"post","link":"https:\/\/www.noticiasmas.com.ar\/index.php\/2025\/09\/16\/villa-carlos-paz-un-adolescente-de-13-anos-fallecio-de-manera-subita-durante-una-clase-de-educacion-fisica\/","title":{"rendered":"Villa Carlos Paz: un adolescente de 13 a\u00f1os falleci\u00f3 de manera s\u00fabita durante una clase de Educaci\u00f3n F\u00edsica"},"content":{"rendered":"\n<p>Un adolescente de 13 a\u00f1os muri\u00f3 este lunes de forma repentina mientras participaba de una clase de Educaci\u00f3n F\u00edsica en una plaza de Villa Carlos Paz, C\u00f3rdoba.<\/p>\n\n\n\n<p>El estudiante, que cursaba segundo a\u00f1o, se descompens\u00f3 en una plaza cercana a su colegio, en el barrio Los Eucaliptos. De inmediato fue trasladado de urgencia al hospital municipal Gumersindo Sayago.<\/p>\n\n\n\n<p>\u201cAlrededor de las 13.45, desde una plaza ubicada en Azopardo y Kant fue trasladado un adolescente de 13 a\u00f1os al hospital municipal, donde m\u00e9dicos constataron su deceso por muerte s\u00fabita\u201d, inform\u00f3 la Polic\u00eda de C\u00f3rdoba citada por La Voz del Interior.<\/p>\n\n\n\n<p>Personal de salud realiz\u00f3 maniobras de reanimaci\u00f3n cardiopulmonar, pero no lograron revertir el cuadro.<\/p>\n\n\n\n<p>La fiscal Jorgelina G\u00f3mez orden\u00f3 la realizaci\u00f3n de una autopsia para determinar las causas del fallecimiento.<\/p>\n","protected":false},"excerpt":{"rendered":"<p>Un adolescente de 13 a\u00f1os muri\u00f3 este lunes de forma repentina mientras participaba de una clase de Educaci\u00f3n F\u00edsica en una plaza de Villa Carlos Paz, C\u00f3rdoba. El estudiante, que cursaba segundo a\u00f1o, se descompens\u00f3 en una plaza cercana a su colegio, en el barrio Los Eucaliptos. De inmediato fue trasladado de urgencia al hospital [&hellip;]<\/p>\n","protected":false},"author":9,"featured_media":17875,"comment_status":"closed","ping_status":"open","sticky":false,"template":"","format":"standard","meta":{"tdm_status":"","tdm_grid_status":"","footnotes":""},"categories":[1],"tags":[976,172,3562],"class_list":{"0":"post-17874","1":"post","2":"type-post","3":"status-publish","4":"format-standard","5":"has-post-thumbnail","7":"category-nacionales","8":"tag-cordoba","9":"tag-policiales","10":"tag-villa-carlos-paz"},"_links":{"self":[{"href":"https:\/\/www.noticiasmas.com.ar\/index.php\/wp-json\/wp\/v2\/posts\/17874","targetHints":{"allow":["GET"]}}],"collection":[{"href":"https:\/\/www.noticiasmas.com.ar\/index.php\/wp-json\/wp\/v2\/posts"}],"about":[{"href":"https:\/\/www.noticiasmas.com.ar\/index.php\/wp-json\/wp\/v2\/types\/post"}],"author":[{"embeddable":true,"href":"https:\/\/www.noticiasmas.com.ar\/index.php\/wp-json\/wp\/v2\/users\/9"}],"replies":[{"embeddable":true,"href":"https:\/\/www.noticiasmas.com.ar\/index.php\/wp-json\/wp\/v2\/comments?post=17874"}],"version-history":[{"count":1,"href":"https:\/\/www.noticiasmas.com.ar\/index.php\/wp-json\/wp\/v2\/posts\/17874\/revisions"}],"predecessor-version":[{"id":17876,"href":"https:\/\/www.noticiasmas.com.ar\/index.php\/wp-json\/wp\/v2\/posts\/17874\/revisions\/17876"}],"wp:featuredmedia":[{"embeddable":true,"href":"https:\/\/www.noticiasmas.com.ar\/index.php\/wp-json\/wp\/v2\/media\/17875"}],"wp:attachment":[{"href":"https:\/\/www.noticiasmas.com.ar\/index.php\/wp-json\/wp\/v2\/media?parent=17874"}],"wp:term":[{"taxonomy":"category","embeddable":true,"href":"https:\/\/www.noticiasmas.com.ar\/index.php\/wp-json\/wp\/v2\/categories?post=17874"},{"taxonomy":"post_tag","embeddable":true,"href":"https:\/\/www.noticiasmas.com.ar\/index.php\/wp-json\/wp\/v2\/tags?post=17874"}],"curies":[{"name":"wp","href":"https:\/\/api.w.org\/{rel}","templated":true}]}}