{"id":17896,"date":"2025-09-16T19:03:09","date_gmt":"2025-09-16T22:03:09","guid":{"rendered":"https:\/\/www.noticiasmas.com.ar\/?p=17896"},"modified":"2025-09-16T19:03:11","modified_gmt":"2025-09-16T22:03:11","slug":"amplio-abanico-de-gremios-y-organizaciones-sociales-se-suman-a-la-marcha-federal-universitaria","status":"publish","type":"post","link":"https:\/\/www.noticiasmas.com.ar\/index.php\/2025\/09\/16\/amplio-abanico-de-gremios-y-organizaciones-sociales-se-suman-a-la-marcha-federal-universitaria\/","title":{"rendered":"AMPLIO ABANICO DE GREMIOS Y ORGANIZACIONES SOCIALES SE SUMAN A LA MARCHA FEDERAL UNIVERSITARIA"},"content":{"rendered":"\n<p>En Rosario, la convocatoria comenzar\u00e1 a las 16 horas en la Plaza San Mart\u00edn. Los Docentes Paran, los Nodocentes solo marchan.<\/p>\n\n\n\n<p>La Universidad Nacional de Rosario (UNR) se sumar\u00e1 a la tercera Marcha Federal universitaria este mi\u00e9rcoles y realizar\u00e1 adem\u00e1s un paro de docentes en rechazo al veto presidencial a la ley de financiamiento universitario.<\/p>\n\n\n\n<p>En ese sentido, los docentes de la UNR nucleados en COAD definieron la medida tras la asamblea de este lunes en la Facultad de Humanidades de la UNR . En tanto el gremio de Nodocentes Apur se\u00f1al\u00f3 que \u201clos nodocentes marcharan en cada rinc\u00f3n del pa\u00eds. En Rosario nos convocamos en plaza San Mart\u00edn y no nos sumaremos a la marcha\u201d. No obstante , el gremio indic\u00f3 que no har\u00e1n paro este mi\u00e9rcoles. Asi lo confirm\u00f3 Miguel Roldan, Secretario General de Apur.<\/p>\n\n\n\n<p>AMPLIO ABANICO DE RESPALDOS<\/p>\n\n\n\n<p>Ya comunicaron que marcharan este mi\u00e9rcoles y se sumar\u00e1n a la marcha Federal en Rosario los distintos gremios: Bancarios, Luz y Fuerza, Correo, Atsa Rosario, Sutracovi Recolectores de Rosario, Camioneros alineados a Hugo Moyano, Sutpa, Soeme, ATE Rosario, Amsafe, NOrTE, Conductores Navales, Encargados de Edificio , Municipales de Rosario, Sadop, Mercantiles, Marina Mercante, Dragado y Balizamiento, Aceiteros de Rosario, Judiciales Nacionales nucleados en la UEJN, UDA, Telef\u00f3nicos, Judiciales de Santa Fe.<\/p>\n\n\n\n<p>ATE Rosario desobliga a partir de las 14hs para participar de la marcha.<\/p>\n\n\n\n<p>Tambi\u00e9n las organizaciones sociales: UTEP, Movimiento Evita, CCC, el movimiento de jubilados Frejel . Tambi\u00e9n se sumar\u00e1 el PJ Rosario.<\/p>\n\n\n\n<p>CONCENTRACI\u00d3N Y RECORRIDO<\/p>\n\n\n\n<p>En Rosario, la comunidad universitaria convoc\u00f3 este mi\u00e9rcoles a manifestar en Plaza San Mart\u00edn (Moreno y Santa Fe), desde las 16. All\u00ed se espera la participaci\u00f3n de estudiantes, docentes, no docentes y autoridades universitarias. Desde ese lugar, la columna recorrer\u00e1 las calles Moreno, San Lorenzo y San Mart\u00edn para llegar a los galpones de Puerto Joven, en avenida Belgrano al 900.<\/p>\n\n\n\n<p>Distintos gremios y organizaciones sociales ya adelantaron en redes sociales que ir\u00e1n llegando las columnas a plaza San Mart\u00edn desde 16 y 16. 30 horas.<\/p>\n","protected":false},"excerpt":{"rendered":"<p>En Rosario, la convocatoria comenzar\u00e1 a las 16 horas en la Plaza San Mart\u00edn. Los Docentes Paran, los Nodocentes solo marchan. La Universidad Nacional de Rosario (UNR) se sumar\u00e1 a la tercera Marcha Federal universitaria este mi\u00e9rcoles y realizar\u00e1 adem\u00e1s un paro de docentes en rechazo al veto presidencial a la ley de financiamiento universitario. [&hellip;]<\/p>\n","protected":false},"author":5,"featured_media":17897,"comment_status":"closed","ping_status":"open","sticky":false,"template":"","format":"standard","meta":{"tdm_status":"","tdm_grid_status":"","footnotes":""},"categories":[13],"tags":[617,2246,4953,372,163],"class_list":{"0":"post-17896","1":"post","2":"type-post","3":"status-publish","4":"format-standard","5":"has-post-thumbnail","7":"category-region","8":"tag-gremios","9":"tag-marcha-federal-universitaria","10":"tag-organizaciones-sociales","11":"tag-plaza-san-martin","12":"tag-rosario"},"_links":{"self":[{"href":"https:\/\/www.noticiasmas.com.ar\/index.php\/wp-json\/wp\/v2\/posts\/17896","targetHints":{"allow":["GET"]}}],"collection":[{"href":"https:\/\/www.noticiasmas.com.ar\/index.php\/wp-json\/wp\/v2\/posts"}],"about":[{"href":"https:\/\/www.noticiasmas.com.ar\/index.php\/wp-json\/wp\/v2\/types\/post"}],"author":[{"embeddable":true,"href":"https:\/\/www.noticiasmas.com.ar\/index.php\/wp-json\/wp\/v2\/users\/5"}],"replies":[{"embeddable":true,"href":"https:\/\/www.noticiasmas.com.ar\/index.php\/wp-json\/wp\/v2\/comments?post=17896"}],"version-history":[{"count":1,"href":"https:\/\/www.noticiasmas.com.ar\/index.php\/wp-json\/wp\/v2\/posts\/17896\/revisions"}],"predecessor-version":[{"id":17898,"href":"https:\/\/www.noticiasmas.com.ar\/index.php\/wp-json\/wp\/v2\/posts\/17896\/revisions\/17898"}],"wp:featuredmedia":[{"embeddable":true,"href":"https:\/\/www.noticiasmas.com.ar\/index.php\/wp-json\/wp\/v2\/media\/17897"}],"wp:attachment":[{"href":"https:\/\/www.noticiasmas.com.ar\/index.php\/wp-json\/wp\/v2\/media?parent=17896"}],"wp:term":[{"taxonomy":"category","embeddable":true,"href":"https:\/\/www.noticiasmas.com.ar\/index.php\/wp-json\/wp\/v2\/categories?post=17896"},{"taxonomy":"post_tag","embeddable":true,"href":"https:\/\/www.noticiasmas.com.ar\/index.php\/wp-json\/wp\/v2\/tags?post=17896"}],"curies":[{"name":"wp","href":"https:\/\/api.w.org\/{rel}","templated":true}]}}