{"id":17905,"date":"2025-09-17T08:19:34","date_gmt":"2025-09-17T11:19:34","guid":{"rendered":"https:\/\/www.noticiasmas.com.ar\/?p=17905"},"modified":"2025-09-17T08:19:37","modified_gmt":"2025-09-17T11:19:37","slug":"en-la-web-de-la-provincia-estan-los-rostros-de-los-delincuentes-mas-buscados","status":"publish","type":"post","link":"https:\/\/www.noticiasmas.com.ar\/index.php\/2025\/09\/17\/en-la-web-de-la-provincia-estan-los-rostros-de-los-delincuentes-mas-buscados\/","title":{"rendered":"En la web de la provincia est\u00e1n los rostros de los delincuentes m\u00e1s buscados"},"content":{"rendered":"\n<p>La vicegobernadora Gisela Scaglia present\u00f3 este martes junto al ministro de Justicia y Seguridad de la Provincia, Pablo Cococcioni, la p\u00e1gina web de los delincuentes m\u00e1s buscados en Santa Fe. El acto se realiz\u00f3 en la sede de la Polic\u00eda de Investigaciones (PDI) en Rosario, con la participaci\u00f3n de integrantes del Bloque de B\u00fasqueda y Captura de Alto Perfil.<\/p>\n\n\n\n<p>\u201cTenemos que hacer una marca Santa Fe para decirle a todo aquel que vaya en contra de la paz social y ejerza un homicidio sobre una persona, que lo vamos a perseguir hasta encontrarlo\u201d, afirm\u00f3 Scaglia.<\/p>\n\n\n\n<p>La vicegobernadora remarc\u00f3 que el desaf\u00edo del Ejecutivo es \u201cno dejar a nadie que tenga que estar tras las rejas, suelto\u201d. Se\u00f1al\u00f3 que el trabajo se realiza a trav\u00e9s de la Polic\u00eda provincial y la PDI, pero que tambi\u00e9n se apela \u201ca la gente que tiene informaci\u00f3n para que, usando este mecanismo de las recompensas, pueda dar pistas de d\u00f3nde est\u00e1n los delincuentes\u201d.<\/p>\n\n\n\n<p>En cuanto a la nueva herramienta digital, explic\u00f3 que se publicar\u00e1n \u201clos primeros diez m\u00e1s buscados con sus recompensas, y a partir de all\u00ed la gente podr\u00e1 contactarse si tiene informaci\u00f3n. Desde la Provincia iremos tras las pistas\u201d. Scaglia pidi\u00f3 la colaboraci\u00f3n ciudadana: \u201cNecesitamos que los santafesinos ayuden al Gobierno\u201d.<\/p>\n\n\n\n<p>Asimismo, adelant\u00f3 que el objetivo es que \u201cla p\u00e1gina contenga a todas las personas que tienen b\u00fasqueda por recompensa en la provincia, por distintos delitos\u201d. La prioridad, precis\u00f3, se establecer\u00e1 en funci\u00f3n del nivel de peligrosidad. \u201cPara nosotros son delincuentes de alto perfil y nuestro desaf\u00edo es que est\u00e9n donde corresponde: tras las rejas\u201d, subray\u00f3.<\/p>\n\n\n\n<p><strong>Lista actualizada y recompensas duplicadas<\/strong><\/p>\n\n\n\n<p>Durante la presentaci\u00f3n tambi\u00e9n se anunciaron cambios en los montos de las recompensas. Cococcioni destac\u00f3 que en el \u00faltimo a\u00f1o y tres meses \u201cel trabajo de las agencias de inteligencia de Investigaciones, T\u00e1cticas, Penitenciarias y el intercambio con otras fuerzas arroj\u00f3 la captura de ocho personas consideradas prioritarias\u201d.<\/p>\n\n\n\n<p>Con esas detenciones, la lista de los diez m\u00e1s buscados se va renovando. Por decisi\u00f3n del gobernador Maximiliano Pullaro, el monto total por informaci\u00f3n que lleve a las capturas asciende ahora a 360 millones de pesos. El primer pr\u00f3fugo en la n\u00f3mina tiene una recompensa de 70 millones, mientras que el \u00faltimo parte de una base de 25 millones.<\/p>\n\n\n\n<p>Adem\u00e1s, se duplic\u00f3 el ofrecimiento por datos vinculados a homicidios ocurridos desde 2014. \u201cPartimos de una recompensa base de 16 millones de pesos por cualquier aporte que permita esclarecer un homicidio doloso\u201d, explic\u00f3 el ministro. Tambi\u00e9n se contemplar\u00e1n tentativas con \u201cun grado importante de realizaci\u00f3n\u201d, que tendr\u00e1n la misma base.<\/p>\n\n\n\n<p>El viernes pasado se concret\u00f3 la detenci\u00f3n de Waldo Bilbao, tercero en la lista, por quien se ofrec\u00edan 50 millones. En su lugar se incorpor\u00f3 Ernesto Quintana, acusado de un homicidio cometido en 2020 contra un pe\u00f3n rural cuyo cuerpo apareci\u00f3 en el r\u00edo Coronda, bajo investigaci\u00f3n de la Fiscal\u00eda Regional 1. Seg\u00fan la subsecretaria de Inteligencia Criminal, Mar\u00eda Virginia Villar, est\u00e1 vinculado adem\u00e1s al narcotr\u00e1fico y al narcomenudeo. Por su captura se ofrecen 25 millones de pesos.<\/p>\n\n\n\n<p><strong>Bloque de b\u00fasqueda de delincuentes<\/strong><\/p>\n\n\n\n<p>El Bloque de B\u00fasqueda y Captura de Alto Perfil est\u00e1 presidido por Cococcioni e integrado por representantes del Ministerio P\u00fablico de la Acusaci\u00f3n, el Ministerio P\u00fablico Fiscal, el Servicio Penitenciario, la PDI, la Secretar\u00eda de Seguridad P\u00fablica y la Subsecretar\u00eda de Inteligencia Criminal.<\/p>\n\n\n\n<p>Su funci\u00f3n es seleccionar a los delincuentes m\u00e1s peligrosos para colocarlos en la lista oficial. La Unidad de B\u00fasqueda y Captura de Sujetos de Alto Perfil es la encargada de ejecutar las \u00f3rdenes de detenci\u00f3n.<\/p>\n","protected":false},"excerpt":{"rendered":"<p>La vicegobernadora Gisela Scaglia present\u00f3 este martes junto al ministro de Justicia y Seguridad de la Provincia, Pablo Cococcioni, la p\u00e1gina web de los delincuentes m\u00e1s buscados en Santa Fe. El acto se realiz\u00f3 en la sede de la Polic\u00eda de Investigaciones (PDI) en Rosario, con la participaci\u00f3n de integrantes del Bloque de B\u00fasqueda y [&hellip;]<\/p>\n","protected":false},"author":8,"featured_media":17907,"comment_status":"closed","ping_status":"open","sticky":false,"template":"","format":"standard","meta":{"tdm_status":"","tdm_grid_status":"","footnotes":""},"categories":[9],"tags":[5417,5419,172,91,5418],"class_list":{"0":"post-17905","1":"post","2":"type-post","3":"status-publish","4":"format-standard","5":"has-post-thumbnail","7":"category-policiales","8":"tag-buscados","9":"tag-delincuencia","10":"tag-policiales","11":"tag-seguridad","12":"tag-web"},"_links":{"self":[{"href":"https:\/\/www.noticiasmas.com.ar\/index.php\/wp-json\/wp\/v2\/posts\/17905","targetHints":{"allow":["GET"]}}],"collection":[{"href":"https:\/\/www.noticiasmas.com.ar\/index.php\/wp-json\/wp\/v2\/posts"}],"about":[{"href":"https:\/\/www.noticiasmas.com.ar\/index.php\/wp-json\/wp\/v2\/types\/post"}],"author":[{"embeddable":true,"href":"https:\/\/www.noticiasmas.com.ar\/index.php\/wp-json\/wp\/v2\/users\/8"}],"replies":[{"embeddable":true,"href":"https:\/\/www.noticiasmas.com.ar\/index.php\/wp-json\/wp\/v2\/comments?post=17905"}],"version-history":[{"count":1,"href":"https:\/\/www.noticiasmas.com.ar\/index.php\/wp-json\/wp\/v2\/posts\/17905\/revisions"}],"predecessor-version":[{"id":17908,"href":"https:\/\/www.noticiasmas.com.ar\/index.php\/wp-json\/wp\/v2\/posts\/17905\/revisions\/17908"}],"wp:featuredmedia":[{"embeddable":true,"href":"https:\/\/www.noticiasmas.com.ar\/index.php\/wp-json\/wp\/v2\/media\/17907"}],"wp:attachment":[{"href":"https:\/\/www.noticiasmas.com.ar\/index.php\/wp-json\/wp\/v2\/media?parent=17905"}],"wp:term":[{"taxonomy":"category","embeddable":true,"href":"https:\/\/www.noticiasmas.com.ar\/index.php\/wp-json\/wp\/v2\/categories?post=17905"},{"taxonomy":"post_tag","embeddable":true,"href":"https:\/\/www.noticiasmas.com.ar\/index.php\/wp-json\/wp\/v2\/tags?post=17905"}],"curies":[{"name":"wp","href":"https:\/\/api.w.org\/{rel}","templated":true}]}}