{"id":17957,"date":"2025-09-18T08:13:39","date_gmt":"2025-09-18T11:13:39","guid":{"rendered":"https:\/\/www.noticiasmas.com.ar\/?p=17957"},"modified":"2025-09-18T08:13:42","modified_gmt":"2025-09-18T11:13:42","slug":"tragedia-en-cordoba-otro-adolescente-murio-dentro-de-una-escuela","status":"publish","type":"post","link":"https:\/\/www.noticiasmas.com.ar\/index.php\/2025\/09\/18\/tragedia-en-cordoba-otro-adolescente-murio-dentro-de-una-escuela\/","title":{"rendered":"Tragedia en C\u00f3rdoba: otro adolescente muri\u00f3 dentro de una escuela"},"content":{"rendered":"\n<p>Un adolescente de 15 a\u00f1os de edad falleci\u00f3 este mi\u00e9rcoles en la Cl\u00ednica V\u00e9lez Sarsfield, en C\u00f3rdoba, tras descompensarse mientras jugaba al truco con sus amigos en una escuela de la capital provincial. Se trata del cuarto caso similar registrado en los \u00faltimos cinco d\u00edas.<\/p>\n\n\n\n<p>La v\u00edctima, identificada como <strong>Lautaro Maineri<\/strong>, participaba de los festejos por la Semana del Estudiante cuando se desmay\u00f3 de manera repentina, generando alarma entre sus compa\u00f1eros y docentes. Fue trasladado de urgencia al centro de salud, donde los m\u00e9dicos le diagnosticaron un co\u00e1gulo en la cabeza. Permaneci\u00f3 en estado vegetativo hasta su fallecimiento, seg\u00fan inform\u00f3 el portal <em>El Doce<\/em>.<\/p>\n\n\n\n<p>El hecho se suma a otras muertes recientes de menores en la provincia. El primer caso ocurri\u00f3 en el Club Atl\u00e9tico San Lorenzo de Las Flores, donde un chico de 13 a\u00f1os se descompens\u00f3 durante un entrenamiento de f\u00fatbol. El segundo sucedi\u00f3 en una plaza cercana a un colegio de Carlos Paz, cuando un alumno de la misma edad muri\u00f3 de forma s\u00fabita durante una clase de Educaci\u00f3n F\u00edsica.<\/p>\n\n\n\n<p>En tanto, el tercer caso fue el de Lautaro, quien tambi\u00e9n era arquero del club All Boys, lo que gener\u00f3 gran conmoci\u00f3n en la comunidad. Adem\u00e1s, un ni\u00f1o de 7 a\u00f1os, <strong>Thian Toledo<\/strong>, falleci\u00f3 por un paro cardiorrespiratorio durante un cumplea\u00f1os en el departamento R\u00edo Tercero.<\/p>\n","protected":false},"excerpt":{"rendered":"<p>Un adolescente de 15 a\u00f1os de edad falleci\u00f3 este mi\u00e9rcoles en la Cl\u00ednica V\u00e9lez Sarsfield, en C\u00f3rdoba, tras descompensarse mientras jugaba al truco con sus amigos en una escuela de la capital provincial. Se trata del cuarto caso similar registrado en los \u00faltimos cinco d\u00edas. La v\u00edctima, identificada como Lautaro Maineri, participaba de los festejos [&hellip;]<\/p>\n","protected":false},"author":9,"featured_media":17958,"comment_status":"closed","ping_status":"open","sticky":false,"template":"","format":"standard","meta":{"tdm_status":"","tdm_grid_status":"","footnotes":""},"categories":[9],"tags":[976,2900,218],"class_list":{"0":"post-17957","1":"post","2":"type-post","3":"status-publish","4":"format-standard","5":"has-post-thumbnail","7":"category-policiales","8":"tag-cordoba","9":"tag-muerte-subita","10":"tag-nacionales"},"_links":{"self":[{"href":"https:\/\/www.noticiasmas.com.ar\/index.php\/wp-json\/wp\/v2\/posts\/17957","targetHints":{"allow":["GET"]}}],"collection":[{"href":"https:\/\/www.noticiasmas.com.ar\/index.php\/wp-json\/wp\/v2\/posts"}],"about":[{"href":"https:\/\/www.noticiasmas.com.ar\/index.php\/wp-json\/wp\/v2\/types\/post"}],"author":[{"embeddable":true,"href":"https:\/\/www.noticiasmas.com.ar\/index.php\/wp-json\/wp\/v2\/users\/9"}],"replies":[{"embeddable":true,"href":"https:\/\/www.noticiasmas.com.ar\/index.php\/wp-json\/wp\/v2\/comments?post=17957"}],"version-history":[{"count":1,"href":"https:\/\/www.noticiasmas.com.ar\/index.php\/wp-json\/wp\/v2\/posts\/17957\/revisions"}],"predecessor-version":[{"id":17959,"href":"https:\/\/www.noticiasmas.com.ar\/index.php\/wp-json\/wp\/v2\/posts\/17957\/revisions\/17959"}],"wp:featuredmedia":[{"embeddable":true,"href":"https:\/\/www.noticiasmas.com.ar\/index.php\/wp-json\/wp\/v2\/media\/17958"}],"wp:attachment":[{"href":"https:\/\/www.noticiasmas.com.ar\/index.php\/wp-json\/wp\/v2\/media?parent=17957"}],"wp:term":[{"taxonomy":"category","embeddable":true,"href":"https:\/\/www.noticiasmas.com.ar\/index.php\/wp-json\/wp\/v2\/categories?post=17957"},{"taxonomy":"post_tag","embeddable":true,"href":"https:\/\/www.noticiasmas.com.ar\/index.php\/wp-json\/wp\/v2\/tags?post=17957"}],"curies":[{"name":"wp","href":"https:\/\/api.w.org\/{rel}","templated":true}]}}