{"id":17980,"date":"2025-09-18T17:49:44","date_gmt":"2025-09-18T20:49:44","guid":{"rendered":"https:\/\/www.noticiasmas.com.ar\/?p=17980"},"modified":"2025-09-18T17:49:46","modified_gmt":"2025-09-18T20:49:46","slug":"apur-es-un-triunfo-del-movimiento-universitario-y-de-toda-la-sociedad","status":"publish","type":"post","link":"https:\/\/www.noticiasmas.com.ar\/index.php\/2025\/09\/18\/apur-es-un-triunfo-del-movimiento-universitario-y-de-toda-la-sociedad\/","title":{"rendered":"APUR: &#8220;ES UN TRIUNFO DEL MOVIMIENTO UNIVERSITARIO Y DE TODA LA SOCIEDAD&#8221;"},"content":{"rendered":"\n<p>El gremio de trabajadores Nodocentes -APUR- reivindic\u00f3 la multitudinaria presencia de trabajadores del sector junto a, docentes, estudiantes, autoridades, gremios, organizaciones sociales, pol\u00edticas y de la sociedad en general en la marcha federal de ayer mi\u00e9rcoles en Rosario.<\/p>\n\n\n\n<p>La movilizaci\u00f3n recorri\u00f3 las calles c\u00e9ntricas de la ciudad y culmin\u00f3 en un acto unitario donde se reafirm\u00f3 el compromiso con la educaci\u00f3n p\u00fablica, gratuita, inclusiva y de calidad.<\/p>\n\n\n\n<p>En paralelo, mientras la movilizaci\u00f3n se desarrollaba en nuestra ciudad y en distintos puntos del pa\u00eds, la C\u00e1mara de Diputados de la Naci\u00f3n rechaz\u00f3 de manera contundente el veto presidencial a la Ley de Financiamiento Universitario, con 174 votos afirmativos, 67 negativos y 2 abstenciones. \u201cEsta decisi\u00f3n constituye un triunfo del movimiento universitario y de la sociedad en su conjunto, que venimos reclamando un financiamiento adecuado, la actualizaci\u00f3n autom\u00e1tica del presupuesto seg\u00fan la inflaci\u00f3n y el sostenimiento de salarios dignos para todos los trabajadores y trabajadoras\u201d, dijo Miguel Roldan, Secretario General de Apur<\/p>\n\n\n\n<p>La entidad gremial celebr\u00f3 el logro y ratific\u00f3 la exigencia de que el Senado de la Naci\u00f3n acompa\u00f1e sin dilaciones la decisi\u00f3n de Diputados, garantizando la plena vigencia de la Ley de Financiamiento Universitario.<\/p>\n\n\n\n<p>\u201cUna vez m\u00e1s qued\u00f3 demostrado que la unidad, la organizaci\u00f3n y la participaci\u00f3n masiva de la comunidad universitaria y de los gremios hermanos son la herramienta m\u00e1s poderosa para defender nuestros derechos y proyectar una Argentina con justicia social, igualdad y educaci\u00f3n p\u00fablica de calidad para todos y todas\u201d, indic\u00f3 Roldan<\/p>\n\n\n\n<p>La Comisi\u00f3n Directiva de APUR agradece a las compa\u00f1eras y compa\u00f1eros Nodocentes de todas las dependencias de la UNR, que \u201cparticipamos masivamente de la jornada, sumando nuestra voz a la defensa de un modelo de universidad al servicio del pueblo y de un pa\u00eds con futuro\u201d, culmin\u00f3 el dirigente gremial .<\/p>\n","protected":false},"excerpt":{"rendered":"<p>El gremio de trabajadores Nodocentes -APUR- reivindic\u00f3 la multitudinaria presencia de trabajadores del sector junto a, docentes, estudiantes, autoridades, gremios, organizaciones sociales, pol\u00edticas y de la sociedad en general en la marcha federal de ayer mi\u00e9rcoles en Rosario. La movilizaci\u00f3n recorri\u00f3 las calles c\u00e9ntricas de la ciudad y culmin\u00f3 en un acto unitario donde se [&hellip;]<\/p>\n","protected":false},"author":5,"featured_media":17981,"comment_status":"closed","ping_status":"open","sticky":false,"template":"","format":"standard","meta":{"tdm_status":"","tdm_grid_status":"","footnotes":""},"categories":[13],"tags":[2682,3090,2141,163],"class_list":{"0":"post-17980","1":"post","2":"type-post","3":"status-publish","4":"format-standard","5":"has-post-thumbnail","7":"category-region","8":"tag-apur","9":"tag-lucha","10":"tag-marcha-universitaria","11":"tag-rosario"},"_links":{"self":[{"href":"https:\/\/www.noticiasmas.com.ar\/index.php\/wp-json\/wp\/v2\/posts\/17980","targetHints":{"allow":["GET"]}}],"collection":[{"href":"https:\/\/www.noticiasmas.com.ar\/index.php\/wp-json\/wp\/v2\/posts"}],"about":[{"href":"https:\/\/www.noticiasmas.com.ar\/index.php\/wp-json\/wp\/v2\/types\/post"}],"author":[{"embeddable":true,"href":"https:\/\/www.noticiasmas.com.ar\/index.php\/wp-json\/wp\/v2\/users\/5"}],"replies":[{"embeddable":true,"href":"https:\/\/www.noticiasmas.com.ar\/index.php\/wp-json\/wp\/v2\/comments?post=17980"}],"version-history":[{"count":1,"href":"https:\/\/www.noticiasmas.com.ar\/index.php\/wp-json\/wp\/v2\/posts\/17980\/revisions"}],"predecessor-version":[{"id":17982,"href":"https:\/\/www.noticiasmas.com.ar\/index.php\/wp-json\/wp\/v2\/posts\/17980\/revisions\/17982"}],"wp:featuredmedia":[{"embeddable":true,"href":"https:\/\/www.noticiasmas.com.ar\/index.php\/wp-json\/wp\/v2\/media\/17981"}],"wp:attachment":[{"href":"https:\/\/www.noticiasmas.com.ar\/index.php\/wp-json\/wp\/v2\/media?parent=17980"}],"wp:term":[{"taxonomy":"category","embeddable":true,"href":"https:\/\/www.noticiasmas.com.ar\/index.php\/wp-json\/wp\/v2\/categories?post=17980"},{"taxonomy":"post_tag","embeddable":true,"href":"https:\/\/www.noticiasmas.com.ar\/index.php\/wp-json\/wp\/v2\/tags?post=17980"}],"curies":[{"name":"wp","href":"https:\/\/api.w.org\/{rel}","templated":true}]}}