{"id":17983,"date":"2025-09-18T17:56:47","date_gmt":"2025-09-18T20:56:47","guid":{"rendered":"https:\/\/www.noticiasmas.com.ar\/?p=17983"},"modified":"2025-09-18T17:56:50","modified_gmt":"2025-09-18T20:56:50","slug":"gremio-de-la-marina-mercante-movilizo-a-favor-de-la-educacion-publica","status":"publish","type":"post","link":"https:\/\/www.noticiasmas.com.ar\/index.php\/2025\/09\/18\/gremio-de-la-marina-mercante-movilizo-a-favor-de-la-educacion-publica\/","title":{"rendered":"GREMIO DE LA MARINA MERCANTE MOVILIZ\u00d3 A FAVOR DE LA EDUCACI\u00d3N PUBLICA"},"content":{"rendered":"\n<p>Una multitudinaria movilizaci\u00f3n se desarroll\u00f3 este mi\u00e9rcoles a la tarde por el centro de Rosario en defensa de la educaci\u00f3n p\u00fablica en momentos en que el Congreso debat\u00eda y finalmente rechazaba el veto de Javier Milei a la ley de Financiamiento Universitario. Apoyo de una entidad gremial que viene de combatir las pol\u00edticas del gobierno nacional que pretend\u00eda desregular la actividad.<\/p>\n\n\n\n<p>Entidades gremiales, estudiantiles, partidos pol\u00edticos, organizaciones sociales y gente de a pie expresaron su descontento sobre las pol\u00edticas del gobierno nacional en relaci\u00f3n a la educaci\u00f3n p\u00fablica en una marcha que comenz\u00f3 a las 16 en plaza San Mart\u00edn para, desde all\u00ed, marchar hacia Puerto Joven donde se sigui\u00f3 la sesi\u00f3n.<\/p>\n\n\n\n<p>Tras la votaci\u00f3n contundente de rechazo al veto, hubo abrazos, festejos y gritos de desahogo. El Sindicato de Trabajadores de la Marina Mercante de Santa Fe acompa\u00f1\u00f3 desde su inicio la movilizaci\u00f3n, un gremio que -con otras organizaciones- supo combatir las pol\u00edticas de Javier Milei ante el intento de desregularizar precisamente la Marina Mercante y tras semanas de lucha tambi\u00e9n se logr\u00f3 el veto que fren\u00f3 dicha intenci\u00f3n que se promovi\u00f3 bajo la figura del ministro Federico Sturzenegger.<\/p>\n\n\n\n<p>Marcelo Zabala, Secretario General del gremio de la marina Mercante de Santa Fe se\u00f1al\u00f3: \u201cLa verdad estamos muy felices de haber estado presente acompa\u00f1ando esta marcha tan importante como multitudinaria, d\u00f3nde est\u00e1 claro que la gente, los j\u00f3venes principalmente entendieron que este nefasto DNU pretend\u00eda, adoctrinar y empobrecer a\u00fan m\u00e1s comprometiendo el futuro de todos\u201d, indic\u00f3.<\/p>\n\n\n\n<p>Asimismo agreg\u00f3: \u201cLos que pintamos canas sabemos y no queremos regresar a la \u00e9poca en que solo pod\u00eda estudiar y ser abogado el hijo del abogado o el hijo del ingeniero, dejando sin oportunidades a los chicos de los trabajadores asalariados o de menores recursos\u201d.<\/p>\n\n\n\n<p>\u201cNo es posible una ense\u00f1anza de calidad apelando solo a la buena voluntad y vocaci\u00f3n de los docentes y no docentes que ponen todo su esfuerzo y el coraz\u00f3n ense\u00f1ando. Hay que implementar una pol\u00edtica p\u00fablica seria y comprometida con la educaci\u00f3n\u201d.<\/p>\n\n\n\n<p>Por \u00faltimo Zabala manifest\u00f3 que, \u201cel mensaje de la marcha fue un basta. Se moviliz\u00f3 por las universidades, la salud, el trabajo, por nuestros jubilados, el camino es la lucha, la calle con el apoyo de todos y con la consigna de que todos somos el otro\u201d.<\/p>\n","protected":false},"excerpt":{"rendered":"<p>Una multitudinaria movilizaci\u00f3n se desarroll\u00f3 este mi\u00e9rcoles a la tarde por el centro de Rosario en defensa de la educaci\u00f3n p\u00fablica en momentos en que el Congreso debat\u00eda y finalmente rechazaba el veto de Javier Milei a la ley de Financiamiento Universitario. Apoyo de una entidad gremial que viene de combatir las pol\u00edticas del gobierno [&hellip;]<\/p>\n","protected":false},"author":5,"featured_media":16678,"comment_status":"closed","ping_status":"open","sticky":false,"template":"","format":"standard","meta":{"tdm_status":"","tdm_grid_status":"","footnotes":""},"categories":[13],"tags":[5442,2141,4308,163],"class_list":{"0":"post-17983","1":"post","2":"type-post","3":"status-publish","4":"format-standard","5":"has-post-thumbnail","7":"category-region","8":"tag-apoyo-a-la-educacion","9":"tag-marcha-universitaria","10":"tag-marina-mercante","11":"tag-rosario"},"_links":{"self":[{"href":"https:\/\/www.noticiasmas.com.ar\/index.php\/wp-json\/wp\/v2\/posts\/17983","targetHints":{"allow":["GET"]}}],"collection":[{"href":"https:\/\/www.noticiasmas.com.ar\/index.php\/wp-json\/wp\/v2\/posts"}],"about":[{"href":"https:\/\/www.noticiasmas.com.ar\/index.php\/wp-json\/wp\/v2\/types\/post"}],"author":[{"embeddable":true,"href":"https:\/\/www.noticiasmas.com.ar\/index.php\/wp-json\/wp\/v2\/users\/5"}],"replies":[{"embeddable":true,"href":"https:\/\/www.noticiasmas.com.ar\/index.php\/wp-json\/wp\/v2\/comments?post=17983"}],"version-history":[{"count":1,"href":"https:\/\/www.noticiasmas.com.ar\/index.php\/wp-json\/wp\/v2\/posts\/17983\/revisions"}],"predecessor-version":[{"id":17984,"href":"https:\/\/www.noticiasmas.com.ar\/index.php\/wp-json\/wp\/v2\/posts\/17983\/revisions\/17984"}],"wp:featuredmedia":[{"embeddable":true,"href":"https:\/\/www.noticiasmas.com.ar\/index.php\/wp-json\/wp\/v2\/media\/16678"}],"wp:attachment":[{"href":"https:\/\/www.noticiasmas.com.ar\/index.php\/wp-json\/wp\/v2\/media?parent=17983"}],"wp:term":[{"taxonomy":"category","embeddable":true,"href":"https:\/\/www.noticiasmas.com.ar\/index.php\/wp-json\/wp\/v2\/categories?post=17983"},{"taxonomy":"post_tag","embeddable":true,"href":"https:\/\/www.noticiasmas.com.ar\/index.php\/wp-json\/wp\/v2\/tags?post=17983"}],"curies":[{"name":"wp","href":"https:\/\/api.w.org\/{rel}","templated":true}]}}