{"id":18070,"date":"2025-09-22T19:53:48","date_gmt":"2025-09-22T22:53:48","guid":{"rendered":"https:\/\/www.noticiasmas.com.ar\/?p=18070"},"modified":"2025-09-22T19:53:51","modified_gmt":"2025-09-22T22:53:51","slug":"carlos-del-frade-presentara-su-nuevo-libro-en-el-mercado-del-patio-que-aborda-el-avance-del-narcotrafico-en-rosario-y-region","status":"publish","type":"post","link":"https:\/\/www.noticiasmas.com.ar\/index.php\/2025\/09\/22\/carlos-del-frade-presentara-su-nuevo-libro-en-el-mercado-del-patio-que-aborda-el-avance-del-narcotrafico-en-rosario-y-region\/","title":{"rendered":"CARLOS DEL FRADE PRESENTAR\u00c1 SU NUEVO LIBRO EN EL MERCADO DEL PATIO QUE ABORDA EL AVANCE DEL NARCOTRAFICO EN ROSARIO Y REGION"},"content":{"rendered":"\n<p>Carlos del Frade, periodista y actual diputado provincial presentar\u00e1 el pr\u00f3ximo viernes, a las 19, su nuevo libro \u201cCancha Grande\u201d (publicado por la editorial Fundaci\u00f3n Ross) en la P\u00e9rgola del Mercado del Patio, ubicado en Santa Fe y Crespo.<\/p>\n\n\n\n<p>El ejemplar describe y denuncia el avance del tr\u00e1fico de drogas en la regi\u00f3n durante el \u00faltimo cuarto de siglo y propone recuperar los barrios, adem\u00e1s de bajar los homicidios.<\/p>\n\n\n\n<p>Del Frade tiene en su haber como investigador m\u00e1s de cien libros acerca de los entramados de los negocios ilegales de la provincia, sobre historia y derechos humanos, sobre la identidad de los barrios y de las ciudades de Santa Fe. En la \u00faltima d\u00e9cada fue sacando un tomo por a\u00f1o dentro de una saga que llam\u00f3 \u201cGeonarco\u201d.<\/p>\n\n\n\n<p>La nueva obra \u201ctrata a su vez de una s\u00edntesis y de una l\u00ednea de tiempo de lo que ocurri\u00f3 en el \u00faltimo cuarto de siglo en materia de narcotr\u00e1fico, en la provincia y en especial en Rosario, explic\u00f3 Del Frade.<\/p>\n\n\n\n<p>Asimismo agreg\u00f3 que el libro \u201cbusca construir un conocimiento que permita un humanismo beligerante y una nueva matriz de pensamiento emancipador: no basta con bajar los homicidios en los barrios si no recuperamos esos barrios a trav\u00e9s del trabajo, la educaci\u00f3n, la cultura, el deporte y la alegr\u00eda\u201d.<\/p>\n\n\n\n<p>PROLOGO (Un extracto)<\/p>\n\n\n\n<p>\u201cEl narcotr\u00e1fico es un negocio, un peligroso medio de sobrevivencia para familias desesperadas y un poderoso mecanismo de control social y continental. La \u00fanica posibilidad de crear un futuro distinto pasar\u00e1 por la voluntad pol\u00edtica de generar un nuevo proyecto que rescate el sue\u00f1o de los pueblos del sur de construir una existencia con justicia, en libertad e igualdad. Habr\u00e1 que comprometerse existencialmente en la tarea de construir verdades, impulsar la unidad de las rebeld\u00edas y acompa\u00f1ar el proceso de la nueva conciencia pol\u00edtica dram\u00e1ticamente desaparecida del seno de nuestros pueblos. Nuestros pibes esperan por nosotros\u201d, escrib\u00ed en el ep\u00edlogo de \u201cCiudad blanca, cr\u00f3nica negra. Historia pol\u00edtica del narcotr\u00e1fico en el Gran Rosario\u201d. Era febrero del a\u00f1o 2000.<\/p>\n\n\n\n<p>Un cuarto de siglo despu\u00e9s, luego de escribir 14 libros sobre el tema, suscribir\u00eda cada palabra de aquellas ideas y sentimientos.<\/p>\n\n\n\n<p><\/p>\n","protected":false},"excerpt":{"rendered":"<p>Carlos del Frade, periodista y actual diputado provincial presentar\u00e1 el pr\u00f3ximo viernes, a las 19, su nuevo libro \u201cCancha Grande\u201d (publicado por la editorial Fundaci\u00f3n Ross) en la P\u00e9rgola del Mercado del Patio, ubicado en Santa Fe y Crespo. El ejemplar describe y denuncia el avance del tr\u00e1fico de drogas en la regi\u00f3n durante el [&hellip;]<\/p>\n","protected":false},"author":5,"featured_media":18071,"comment_status":"closed","ping_status":"open","sticky":false,"template":"","format":"standard","meta":{"tdm_status":"","tdm_grid_status":"","footnotes":""},"categories":[4],"tags":[5470,994,5469,857,163],"class_list":{"0":"post-18070","1":"post","2":"type-post","3":"status-publish","4":"format-standard","5":"has-post-thumbnail","7":"category-culturayespectaculos","8":"tag-cancha-grande","9":"tag-carlos-del-frade","10":"tag-nuevo-libro","11":"tag-presentacion","12":"tag-rosario"},"_links":{"self":[{"href":"https:\/\/www.noticiasmas.com.ar\/index.php\/wp-json\/wp\/v2\/posts\/18070","targetHints":{"allow":["GET"]}}],"collection":[{"href":"https:\/\/www.noticiasmas.com.ar\/index.php\/wp-json\/wp\/v2\/posts"}],"about":[{"href":"https:\/\/www.noticiasmas.com.ar\/index.php\/wp-json\/wp\/v2\/types\/post"}],"author":[{"embeddable":true,"href":"https:\/\/www.noticiasmas.com.ar\/index.php\/wp-json\/wp\/v2\/users\/5"}],"replies":[{"embeddable":true,"href":"https:\/\/www.noticiasmas.com.ar\/index.php\/wp-json\/wp\/v2\/comments?post=18070"}],"version-history":[{"count":1,"href":"https:\/\/www.noticiasmas.com.ar\/index.php\/wp-json\/wp\/v2\/posts\/18070\/revisions"}],"predecessor-version":[{"id":18072,"href":"https:\/\/www.noticiasmas.com.ar\/index.php\/wp-json\/wp\/v2\/posts\/18070\/revisions\/18072"}],"wp:featuredmedia":[{"embeddable":true,"href":"https:\/\/www.noticiasmas.com.ar\/index.php\/wp-json\/wp\/v2\/media\/18071"}],"wp:attachment":[{"href":"https:\/\/www.noticiasmas.com.ar\/index.php\/wp-json\/wp\/v2\/media?parent=18070"}],"wp:term":[{"taxonomy":"category","embeddable":true,"href":"https:\/\/www.noticiasmas.com.ar\/index.php\/wp-json\/wp\/v2\/categories?post=18070"},{"taxonomy":"post_tag","embeddable":true,"href":"https:\/\/www.noticiasmas.com.ar\/index.php\/wp-json\/wp\/v2\/tags?post=18070"}],"curies":[{"name":"wp","href":"https:\/\/api.w.org\/{rel}","templated":true}]}}