{"id":18097,"date":"2025-09-23T10:20:49","date_gmt":"2025-09-23T13:20:49","guid":{"rendered":"https:\/\/www.noticiasmas.com.ar\/?p=18097"},"modified":"2025-09-23T10:20:51","modified_gmt":"2025-09-23T13:20:51","slug":"la-planta-de-vassalli-en-firmat-sigue-cerrada-este-miercoles-nueva-audiencia","status":"publish","type":"post","link":"https:\/\/www.noticiasmas.com.ar\/index.php\/2025\/09\/23\/la-planta-de-vassalli-en-firmat-sigue-cerrada-este-miercoles-nueva-audiencia\/","title":{"rendered":"La planta de Vassalli en Firmat sigue cerrada, este mi\u00e9rcoles nueva audiencia"},"content":{"rendered":"\n<p>La empresa de maquinaria agr\u00edcola Vassalli, sigue cerrada y ya va para su tercer semana\u2026La incertidumbre de los 280 trabajadores de planta sigue creciendo. No s\u00e9 avisar\u00e1n novedades, al menos, en lo inmediato.<\/p>\n\n\n\n<p>En ese marco de inestabilidad laboral, el Ministerio de Trabajo convoc\u00f3 a una nueva audiencia este mi\u00e9rcoles a las 11 hs en la sede en Rosario. Se espera la presencia del Ministro de la cartera laboral, Roald Bascolo.<\/p>\n\n\n\n<p>Pablo Cerra, abogado de la UOM Rosario y quien oficia como representante legal de la parte laboral en el conflicto anhelo por la presencia de representantes de la firma en la audiencia.<\/p>\n\n\n\n<p>Recordemos que en las tres \u00faltimas audiencias no asistieron y hasta hubo una maniobra para llevar el litigio a la \u00f3rbita nacional.<\/p>\n\n\n\n<p>Por lo pronto la planta en Firmat esta cerrada desde el lunes 8 de setiembre.<\/p>\n","protected":false},"excerpt":{"rendered":"<p>La empresa de maquinaria agr\u00edcola Vassalli, sigue cerrada y ya va para su tercer semana\u2026La incertidumbre de los 280 trabajadores de planta sigue creciendo. No s\u00e9 avisar\u00e1n novedades, al menos, en lo inmediato. En ese marco de inestabilidad laboral, el Ministerio de Trabajo convoc\u00f3 a una nueva audiencia este mi\u00e9rcoles a las 11 hs en [&hellip;]<\/p>\n","protected":false},"author":5,"featured_media":18098,"comment_status":"closed","ping_status":"open","sticky":false,"template":"","format":"standard","meta":{"tdm_status":"","tdm_grid_status":"","footnotes":""},"categories":[13],"tags":[227,4452,226,5479,18],"class_list":{"0":"post-18097","1":"post","2":"type-post","3":"status-publish","4":"format-standard","5":"has-post-thumbnail","7":"category-region","8":"tag-conflicto-laboral","9":"tag-firmat","10":"tag-gremiales","11":"tag-nueva-audiencia","12":"tag-santa-fe"},"_links":{"self":[{"href":"https:\/\/www.noticiasmas.com.ar\/index.php\/wp-json\/wp\/v2\/posts\/18097","targetHints":{"allow":["GET"]}}],"collection":[{"href":"https:\/\/www.noticiasmas.com.ar\/index.php\/wp-json\/wp\/v2\/posts"}],"about":[{"href":"https:\/\/www.noticiasmas.com.ar\/index.php\/wp-json\/wp\/v2\/types\/post"}],"author":[{"embeddable":true,"href":"https:\/\/www.noticiasmas.com.ar\/index.php\/wp-json\/wp\/v2\/users\/5"}],"replies":[{"embeddable":true,"href":"https:\/\/www.noticiasmas.com.ar\/index.php\/wp-json\/wp\/v2\/comments?post=18097"}],"version-history":[{"count":1,"href":"https:\/\/www.noticiasmas.com.ar\/index.php\/wp-json\/wp\/v2\/posts\/18097\/revisions"}],"predecessor-version":[{"id":18099,"href":"https:\/\/www.noticiasmas.com.ar\/index.php\/wp-json\/wp\/v2\/posts\/18097\/revisions\/18099"}],"wp:featuredmedia":[{"embeddable":true,"href":"https:\/\/www.noticiasmas.com.ar\/index.php\/wp-json\/wp\/v2\/media\/18098"}],"wp:attachment":[{"href":"https:\/\/www.noticiasmas.com.ar\/index.php\/wp-json\/wp\/v2\/media?parent=18097"}],"wp:term":[{"taxonomy":"category","embeddable":true,"href":"https:\/\/www.noticiasmas.com.ar\/index.php\/wp-json\/wp\/v2\/categories?post=18097"},{"taxonomy":"post_tag","embeddable":true,"href":"https:\/\/www.noticiasmas.com.ar\/index.php\/wp-json\/wp\/v2\/tags?post=18097"}],"curies":[{"name":"wp","href":"https:\/\/api.w.org\/{rel}","templated":true}]}}