{"id":18103,"date":"2025-09-23T18:51:23","date_gmt":"2025-09-23T21:51:23","guid":{"rendered":"https:\/\/www.noticiasmas.com.ar\/?p=18103"},"modified":"2025-09-23T18:51:27","modified_gmt":"2025-09-23T21:51:27","slug":"la-municipalidad-de-san-lorenzo-otorgo-reconocimientos-a-la-trayectoria-comercial-de-igni-modas","status":"publish","type":"post","link":"https:\/\/www.noticiasmas.com.ar\/index.php\/2025\/09\/23\/la-municipalidad-de-san-lorenzo-otorgo-reconocimientos-a-la-trayectoria-comercial-de-igni-modas\/","title":{"rendered":"La Municipalidad de San Lorenzo otorg\u00f3 reconocimientos a la trayectoria comercial de Igni Modas"},"content":{"rendered":"\n<p><strong>El Ejecutivo municipal y el Concejo distinguieron a los titulares de la firma local por sus 40 a\u00f1os de actividad ininterrumpida. En un encuentro celebrado este martes, el intendente Leonardo Raimundo y el presidente del \u00f3rgano legislativo, Hern\u00e1n Ore, entregaron placas a Patricia Lorenzatti y Daniel Giacone.<\/strong><\/p>\n\n\n\n<p>El \u00d3rgano Ejecutivo y el Concejo de la Municipalidad de San Lorenzo otorgaron reconocimientos a Patricia Lorenzatti y Daniel Giacone, titulares de Igni Modas, por los 40 a\u00f1os de trayectoria de la hist\u00f3rica firma sanlorencina de indumentaria. Este martes, en la sala de Prensa Municipal, el intendente Leonardo Raimundo; el presidente del Concejo, Hern\u00e1n Ore, y la concejala Gimena Bulla entregaron placas a los homenajeados.<\/p>\n\n\n\n<p>El decreto municipal N\u00b0 643 \u2013mediante el cual se formaliz\u00f3 la distinci\u00f3n de la intendencia\u2013 destaca el esfuerzo con el que el matrimonio inici\u00f3 el emprendimiento en la esquina de avenida San Mart\u00edn y Alem, con apenas un hijo de ocho meses y la esperanza de construir un futuro en el comercio.<\/p>\n\n\n\n<p>Con apoyo familiar, lograron consolidar el proyecto y, nueve a\u00f1os m\u00e1s tarde, trasladaron el local a su actual sede en avenida San Mart\u00edn 1435, ya con sus tres hijos Juan Ignacio, Nicol\u00e1s y Mar\u00eda Julieta, quienes tambi\u00e9n estuvieron presentes en el agasajo.<\/p>\n\n\n\n<p>De esta manera, el municipio reconoci\u00f3 la constancia, la dedicaci\u00f3n y el aporte de Igni Modas a la vida econ\u00f3mica y social de San Lorenzo, al cumplirse cuatro d\u00e9cadas de trabajo ininterrumpido.<\/p>\n\n\n\n<p>\u201cEs un comercio se\u00f1ero en el rubro, pero adem\u00e1s es un ejemplo de resiliencia a lo largo de cuatro d\u00e9cadas en las que ha pasado de todo en la econom\u00eda argentina. Sin dudas, este reconocimiento es m\u00e1s que merecido\u201d, expres\u00f3 el intendente Leonardo Raimundo.<\/p>\n","protected":false},"excerpt":{"rendered":"<p>El Ejecutivo municipal y el Concejo distinguieron a los titulares de la firma local por sus 40 a\u00f1os de actividad ininterrumpida. En un encuentro celebrado este martes, el intendente Leonardo Raimundo y el presidente del \u00f3rgano legislativo, Hern\u00e1n Ore, entregaron placas a Patricia Lorenzatti y Daniel Giacone. El \u00d3rgano Ejecutivo y el Concejo de la [&hellip;]<\/p>\n","protected":false},"author":5,"featured_media":18104,"comment_status":"closed","ping_status":"open","sticky":false,"template":"","format":"standard","meta":{"tdm_status":"","tdm_grid_status":"","footnotes":""},"categories":[13],"tags":[5480,2340,58,5481],"class_list":{"0":"post-18103","1":"post","2":"type-post","3":"status-publish","4":"format-standard","5":"has-post-thumbnail","7":"category-region","8":"tag-igni-modas","9":"tag-reconocimiento","10":"tag-san-lorenzo","11":"tag-trayectoria"},"_links":{"self":[{"href":"https:\/\/www.noticiasmas.com.ar\/index.php\/wp-json\/wp\/v2\/posts\/18103","targetHints":{"allow":["GET"]}}],"collection":[{"href":"https:\/\/www.noticiasmas.com.ar\/index.php\/wp-json\/wp\/v2\/posts"}],"about":[{"href":"https:\/\/www.noticiasmas.com.ar\/index.php\/wp-json\/wp\/v2\/types\/post"}],"author":[{"embeddable":true,"href":"https:\/\/www.noticiasmas.com.ar\/index.php\/wp-json\/wp\/v2\/users\/5"}],"replies":[{"embeddable":true,"href":"https:\/\/www.noticiasmas.com.ar\/index.php\/wp-json\/wp\/v2\/comments?post=18103"}],"version-history":[{"count":1,"href":"https:\/\/www.noticiasmas.com.ar\/index.php\/wp-json\/wp\/v2\/posts\/18103\/revisions"}],"predecessor-version":[{"id":18105,"href":"https:\/\/www.noticiasmas.com.ar\/index.php\/wp-json\/wp\/v2\/posts\/18103\/revisions\/18105"}],"wp:featuredmedia":[{"embeddable":true,"href":"https:\/\/www.noticiasmas.com.ar\/index.php\/wp-json\/wp\/v2\/media\/18104"}],"wp:attachment":[{"href":"https:\/\/www.noticiasmas.com.ar\/index.php\/wp-json\/wp\/v2\/media?parent=18103"}],"wp:term":[{"taxonomy":"category","embeddable":true,"href":"https:\/\/www.noticiasmas.com.ar\/index.php\/wp-json\/wp\/v2\/categories?post=18103"},{"taxonomy":"post_tag","embeddable":true,"href":"https:\/\/www.noticiasmas.com.ar\/index.php\/wp-json\/wp\/v2\/tags?post=18103"}],"curies":[{"name":"wp","href":"https:\/\/api.w.org\/{rel}","templated":true}]}}