{"id":18169,"date":"2025-09-25T10:13:49","date_gmt":"2025-09-25T13:13:49","guid":{"rendered":"https:\/\/www.noticiasmas.com.ar\/?p=18169"},"modified":"2025-09-25T10:13:53","modified_gmt":"2025-09-25T13:13:53","slug":"solo-1-de-cada-10-estudiantes-en-santa-fe-termina-la-secundaria-a-termino","status":"publish","type":"post","link":"https:\/\/www.noticiasmas.com.ar\/index.php\/2025\/09\/25\/solo-1-de-cada-10-estudiantes-en-santa-fe-termina-la-secundaria-a-termino\/","title":{"rendered":"Solo 1 de cada 10 estudiantes en Santa Fe termina la secundaria a t\u00e9rmino"},"content":{"rendered":"\n<p>Un informe de <strong>Argentinos por la Educaci\u00f3n<\/strong> revel\u00f3 que apenas el 10% de los estudiantes de Santa Fe logra completar la escuela secundaria en tiempo y forma. Es decir, de cada 100 alumnos que ingresan al primer a\u00f1o, solo 10 alcanzan el \u00faltimo curso sin repetir ni abandonar.<\/p>\n\n\n\n<p>El estudio, titulado <em>\u201c\u00cdndice de Resultados Escolares: \u00bfCu\u00e1ntos estudiantes llegan al final de la secundaria en tiempo y forma?\u201d<\/em>, fue elaborado por Mar\u00eda Sol Alz\u00fa, Mart\u00edn Nistal y V\u00edctor Volman. Analiza la trayectoria escolar de la cohorte que inici\u00f3 primer grado en 2013 y lleg\u00f3 al \u00faltimo a\u00f1o del secundario en 2024, utilizando datos del Relevamiento Anual y de las pruebas Aprender 2024.<\/p>\n\n\n\n<h4 class=\"wp-block-heading\">Estancamiento en los avances<\/h4>\n\n\n\n<p>En las \u00faltimas dos d\u00e9cadas, el indicador pr\u00e1cticamente no mejor\u00f3. En 2000, solo 8 de cada 100 estudiantes de Santa Fe terminaban la secundaria en tiempo y forma; hoy son apenas 10. El crecimiento es leve y no refleja cambios estructurales en el sistema educativo provincial.<\/p>\n\n\n\n<h4 class=\"wp-block-heading\">Santa Fe en el mapa nacional<\/h4>\n\n\n\n<p>En el ranking provincial, Santa Fe se ubica en una posici\u00f3n intermedia, pero por debajo de distritos de desarrollo similar. La Ciudad de Buenos Aires encabeza con el 23% de los alumnos completando la secundaria a t\u00e9rmino, seguida por La Pampa (13%) y R\u00edo Negro (13%), mientras que en el otro extremo se encuentran Chaco y Misiones, con solo el 3%.<\/p>\n\n\n\n<h4 class=\"wp-block-heading\">Brecha de g\u00e9nero<\/h4>\n\n\n\n<p>El informe tambi\u00e9n muestra diferencias marcadas entre varones y mujeres. En Santa Fe, el 14,1% de las chicas termina la secundaria en tiempo y forma, contra apenas el 8,3% de los varones. La tendencia replica el promedio nacional, donde la tasa es del 13,7% para mujeres y del 7,8% para hombres.<\/p>\n","protected":false},"excerpt":{"rendered":"<p>Un informe de Argentinos por la Educaci\u00f3n revel\u00f3 que apenas el 10% de los estudiantes de Santa Fe logra completar la escuela secundaria en tiempo y forma. Es decir, de cada 100 alumnos que ingresan al primer a\u00f1o, solo 10 alcanzan el \u00faltimo curso sin repetir ni abandonar. El estudio, titulado \u201c\u00cdndice de Resultados Escolares: [&hellip;]<\/p>\n","protected":false},"author":9,"featured_media":18170,"comment_status":"closed","ping_status":"open","sticky":false,"template":"","format":"standard","meta":{"tdm_status":"","tdm_grid_status":"","footnotes":""},"categories":[14],"tags":[149,2026,18],"class_list":{"0":"post-18169","1":"post","2":"type-post","3":"status-publish","4":"format-standard","5":"has-post-thumbnail","7":"category-provinciales","8":"tag-educacion","9":"tag-estadisticas","10":"tag-santa-fe"},"_links":{"self":[{"href":"https:\/\/www.noticiasmas.com.ar\/index.php\/wp-json\/wp\/v2\/posts\/18169","targetHints":{"allow":["GET"]}}],"collection":[{"href":"https:\/\/www.noticiasmas.com.ar\/index.php\/wp-json\/wp\/v2\/posts"}],"about":[{"href":"https:\/\/www.noticiasmas.com.ar\/index.php\/wp-json\/wp\/v2\/types\/post"}],"author":[{"embeddable":true,"href":"https:\/\/www.noticiasmas.com.ar\/index.php\/wp-json\/wp\/v2\/users\/9"}],"replies":[{"embeddable":true,"href":"https:\/\/www.noticiasmas.com.ar\/index.php\/wp-json\/wp\/v2\/comments?post=18169"}],"version-history":[{"count":1,"href":"https:\/\/www.noticiasmas.com.ar\/index.php\/wp-json\/wp\/v2\/posts\/18169\/revisions"}],"predecessor-version":[{"id":18171,"href":"https:\/\/www.noticiasmas.com.ar\/index.php\/wp-json\/wp\/v2\/posts\/18169\/revisions\/18171"}],"wp:featuredmedia":[{"embeddable":true,"href":"https:\/\/www.noticiasmas.com.ar\/index.php\/wp-json\/wp\/v2\/media\/18170"}],"wp:attachment":[{"href":"https:\/\/www.noticiasmas.com.ar\/index.php\/wp-json\/wp\/v2\/media?parent=18169"}],"wp:term":[{"taxonomy":"category","embeddable":true,"href":"https:\/\/www.noticiasmas.com.ar\/index.php\/wp-json\/wp\/v2\/categories?post=18169"},{"taxonomy":"post_tag","embeddable":true,"href":"https:\/\/www.noticiasmas.com.ar\/index.php\/wp-json\/wp\/v2\/tags?post=18169"}],"curies":[{"name":"wp","href":"https:\/\/api.w.org\/{rel}","templated":true}]}}