{"id":18182,"date":"2025-09-25T18:34:16","date_gmt":"2025-09-25T21:34:16","guid":{"rendered":"https:\/\/www.noticiasmas.com.ar\/?p=18182"},"modified":"2025-09-25T18:34:19","modified_gmt":"2025-09-25T21:34:19","slug":"jornada-deportiva-y-recreativa-en-el-camping-municipal-de-fray-luis-beltran","status":"publish","type":"post","link":"https:\/\/www.noticiasmas.com.ar\/index.php\/2025\/09\/25\/jornada-deportiva-y-recreativa-en-el-camping-municipal-de-fray-luis-beltran\/","title":{"rendered":"Jornada deportiva y recreativa en el Camping Municipal de Fray Luis Beltr\u00e1n"},"content":{"rendered":"\n<p>Este jueves por la ma\u00f1ana se llev\u00f3 a cabo en el Camping Municipal de Fray Luis Beltr\u00e1n una jornada de deporte, recreaci\u00f3n e integraci\u00f3n que reuni\u00f3 a m\u00e1s de 200 alumnos de 5\u00ba grado pertenecientes a las escuelas N\u00ba 6370, 1085 y 1014, pertenecientes a la ciudad y la escuela N\u00ba 6392 de barrio Bouchard de San Lorenzo.<\/p>\n\n\n\n<p><br>La actividad fue organizada por el equipo de trabajo del Circuito D de Educaci\u00f3n F\u00edsica, a cargo de la supervisora Lic. Claudia Burnett, con el aval del Ministerio de Educaci\u00f3n de la Provincia y el acompa\u00f1amiento del municipio de Fray Luis Beltr\u00e1n.<\/p>\n\n\n\n<p><br>Durante la ma\u00f1ana, los estudiantes participaron en diversas propuestas deportivas y recreativas dise\u00f1adas para fomentar la creatividad, el trabajo en equipo, la sana competencia y el desarrollo de habilidades sociales y cognitivas, en un marco de aprendizaje compartido y diversi\u00f3n.<\/p>\n\n\n\n<p><br>Desde la Municipalidad de Fray Luis Beltr\u00e1n destacaron la importancia de este tipo de iniciativas que fortalecen el v\u00ednculo entre las instituciones educativas y generan espacios de encuentro para la formaci\u00f3n integral de los ni\u00f1os y ni\u00f1as de la ciudad.<\/p>\n","protected":false},"excerpt":{"rendered":"<p>Este jueves por la ma\u00f1ana se llev\u00f3 a cabo en el Camping Municipal de Fray Luis Beltr\u00e1n una jornada de deporte, recreaci\u00f3n e integraci\u00f3n que reuni\u00f3 a m\u00e1s de 200 alumnos de 5\u00ba grado pertenecientes a las escuelas N\u00ba 6370, 1085 y 1014, pertenecientes a la ciudad y la escuela N\u00ba 6392 de barrio Bouchard [&hellip;]<\/p>\n","protected":false},"author":5,"featured_media":18183,"comment_status":"closed","ping_status":"open","sticky":false,"template":"","format":"standard","meta":{"tdm_status":"","tdm_grid_status":"","footnotes":""},"categories":[10],"tags":[3547,335,5512,5511],"class_list":{"0":"post-18182","1":"post","2":"type-post","3":"status-publish","4":"format-standard","5":"has-post-thumbnail","7":"category-deportes","8":"tag-camping-municipal","9":"tag-fray-luis-beltran","10":"tag-jornadas","11":"tag-recreacion-y-deportes"},"_links":{"self":[{"href":"https:\/\/www.noticiasmas.com.ar\/index.php\/wp-json\/wp\/v2\/posts\/18182","targetHints":{"allow":["GET"]}}],"collection":[{"href":"https:\/\/www.noticiasmas.com.ar\/index.php\/wp-json\/wp\/v2\/posts"}],"about":[{"href":"https:\/\/www.noticiasmas.com.ar\/index.php\/wp-json\/wp\/v2\/types\/post"}],"author":[{"embeddable":true,"href":"https:\/\/www.noticiasmas.com.ar\/index.php\/wp-json\/wp\/v2\/users\/5"}],"replies":[{"embeddable":true,"href":"https:\/\/www.noticiasmas.com.ar\/index.php\/wp-json\/wp\/v2\/comments?post=18182"}],"version-history":[{"count":1,"href":"https:\/\/www.noticiasmas.com.ar\/index.php\/wp-json\/wp\/v2\/posts\/18182\/revisions"}],"predecessor-version":[{"id":18184,"href":"https:\/\/www.noticiasmas.com.ar\/index.php\/wp-json\/wp\/v2\/posts\/18182\/revisions\/18184"}],"wp:featuredmedia":[{"embeddable":true,"href":"https:\/\/www.noticiasmas.com.ar\/index.php\/wp-json\/wp\/v2\/media\/18183"}],"wp:attachment":[{"href":"https:\/\/www.noticiasmas.com.ar\/index.php\/wp-json\/wp\/v2\/media?parent=18182"}],"wp:term":[{"taxonomy":"category","embeddable":true,"href":"https:\/\/www.noticiasmas.com.ar\/index.php\/wp-json\/wp\/v2\/categories?post=18182"},{"taxonomy":"post_tag","embeddable":true,"href":"https:\/\/www.noticiasmas.com.ar\/index.php\/wp-json\/wp\/v2\/tags?post=18182"}],"curies":[{"name":"wp","href":"https:\/\/api.w.org\/{rel}","templated":true}]}}