{"id":18194,"date":"2025-09-25T19:15:05","date_gmt":"2025-09-25T22:15:05","guid":{"rendered":"https:\/\/www.noticiasmas.com.ar\/?p=18194"},"modified":"2025-09-25T19:15:08","modified_gmt":"2025-09-25T22:15:08","slug":"amsafe-el-plenario-de-delegados-definio-la-continuidad-del-plan-de-lucha","status":"publish","type":"post","link":"https:\/\/www.noticiasmas.com.ar\/index.php\/2025\/09\/25\/amsafe-el-plenario-de-delegados-definio-la-continuidad-del-plan-de-lucha\/","title":{"rendered":"AMSAFE: EL PLENARIO DE DELEGADOS DEFINI\u00d3 LA CONTINUIDAD DEL PLAN DE LUCHA"},"content":{"rendered":"\n<p>En cumplimiento de lo resuelto por la Asamblea Provincial del 14 de agosto \u2014que facultaba al Plenario de Delegados Seccionales y a la Comisi\u00f3n Directiva Provincial a definir la continuidad del plan de lucha en caso de no ser convocados a paritaria\u2014, este jueves 25 de septiembre se llev\u00f3 adelante en la sede sindical de AMSAFE el encuentro con la participaci\u00f3n de las 19 delegaciones seccionales de toda la provincia.<\/p>\n\n\n\n<p>La reuni\u00f3n estuvo presidida por el secretario general de AMSAFE, Rodrigo Alonso, y cont\u00f3 con la presencia de integrantes de la Comisi\u00f3n Directiva Provincial, quienes junto a las y los delegados seccionales analizaron la grave situaci\u00f3n que atraviesan las y los trabajadores de la educaci\u00f3n en Santa Fe y en el pa\u00eds, en un contexto de ajuste y falta de respuestas por el gobierno nacional y provincial a los reclamos de la docencia.<\/p>\n\n\n\n<p><strong>En este marco, el Plenario resolvi\u00f3:<\/strong><\/p>\n\n\n\n<p>Dar continuidad al plan de lucha definido por la Asamblea Provincial.<\/p>\n\n\n\n<p>Impulsar acciones locales en toda la provincia, visibilizando el conflicto en escuelas y comunidades educativas.<\/p>\n\n\n\n<p>Adherir a todas las medidas convocadas por CTERA, dando continuidad al Plan de Lucha Nacional, con nuevas acciones de visibilizaci\u00f3n y movilizaci\u00f3n en todo el pa\u00eds, a partir del 6 de octubre.<\/p>\n\n\n\n<p>Convocar a un Paro Nacional Docente, con fecha a coordinar junto a otras organizaciones docentes nacionales.<\/p>\n\n\n\n<p><strong>Exigimos<\/strong><\/p>\n\n\n\n<p>Aumento salarial que recupere el poder adquisitivo y recomposici\u00f3n de la deuda paritaria 2023.<\/p>\n\n\n\n<p>No a las sumas en negro y distorsiones en la estructura salarial.<\/p>\n\n\n\n<p>Una nueva Ley de Financiamiento Educativo.<\/p>\n\n\n\n<p>Convocatoria urgente a la Paritaria Nacional Docente.<\/p>\n\n\n\n<p>Restituci\u00f3n del FONID, el pago de las sumas adeudadas y la recuperaci\u00f3n de los fondos de conectividad recortados por el gobierno nacional.<\/p>\n\n\n\n<p>Derogaci\u00f3n de la reforma previsional y pago simult\u00e1neo a jubilados y activos, garantizando el 82% m\u00f3vil.<\/p>\n\n\n\n<p>Aumento del presupuesto educativo nacional y provincial para infraestructura, comedores escolares y programas socioeducativos.<\/p>\n\n\n\n<p>Partidas suficientes para comedores y copa de leche en todas las escuelas.<\/p>\n\n\n\n<p>Creaci\u00f3n de cargos y horas c\u00e1tedra, regularizaci\u00f3n de suplencias y movilidad para zonas rurales.<\/p>\n\n\n\n<p>Continuidad de traslados y concursos en todos los niveles y modalidades.<\/p>\n\n\n\n<p>Defensa de los puestos de trabajo y de todas las modalidades educativas: inicial, primaria, secundaria, especial, adultos, t\u00e9cnicas, superiores y rurales.<\/p>\n\n\n\n<p>Condiciones dignas de trabajo y formaci\u00f3n docente en servicio.<\/p>\n\n\n\n<p>No al \u201cpremio\/presentismo\u201d, que desconoce la tarea docente y genera discriminaci\u00f3n.<\/p>\n\n\n\n<p>No a los cierres, fusiones y recortes en la educaci\u00f3n p\u00fablica.<\/p>\n\n\n\n<p>Fin de los descuentos ilegales sobre salarios y respeto a la libertad sindical.<\/p>\n\n\n\n<p>Respuestas urgentes de IAPOS para la atenci\u00f3n en salud de las familias docentes.<\/p>\n\n\n\n<p>Pago de asignaciones familiares sin topes ni discriminaci\u00f3n.<\/p>\n\n\n\n<p>Desde AMSAFE ratificamos que seguimos en estado de alerta, movilizaci\u00f3n y asamblea permanente. Frente a las pol\u00edticas de ajuste del gobierno nacional y la falta de respuestas del gobierno provincial, reafirmamos la unidad y la lucha por salarios dignos, jubilaciones justas y la defensa de la escuela p\u00fablica como derecho social.<\/p>\n\n\n\n<p>M\u00e1s Escuela P\u00fablica, m\u00e1s Derechos. AMSAFE en lucha.<\/p>\n","protected":false},"excerpt":{"rendered":"<p>En cumplimiento de lo resuelto por la Asamblea Provincial del 14 de agosto \u2014que facultaba al Plenario de Delegados Seccionales y a la Comisi\u00f3n Directiva Provincial a definir la continuidad del plan de lucha en caso de no ser convocados a paritaria\u2014, este jueves 25 de septiembre se llev\u00f3 adelante en la sede sindical de [&hellip;]<\/p>\n","protected":false},"author":5,"featured_media":18195,"comment_status":"closed","ping_status":"open","sticky":false,"template":"","format":"standard","meta":{"tdm_status":"","tdm_grid_status":"","footnotes":""},"categories":[14],"tags":[800,3331,5519,18],"class_list":{"0":"post-18194","1":"post","2":"type-post","3":"status-publish","4":"format-standard","5":"has-post-thumbnail","7":"category-provinciales","8":"tag-amsafe","9":"tag-plan-de-lucha","10":"tag-plenario-de-delegados","11":"tag-santa-fe"},"_links":{"self":[{"href":"https:\/\/www.noticiasmas.com.ar\/index.php\/wp-json\/wp\/v2\/posts\/18194","targetHints":{"allow":["GET"]}}],"collection":[{"href":"https:\/\/www.noticiasmas.com.ar\/index.php\/wp-json\/wp\/v2\/posts"}],"about":[{"href":"https:\/\/www.noticiasmas.com.ar\/index.php\/wp-json\/wp\/v2\/types\/post"}],"author":[{"embeddable":true,"href":"https:\/\/www.noticiasmas.com.ar\/index.php\/wp-json\/wp\/v2\/users\/5"}],"replies":[{"embeddable":true,"href":"https:\/\/www.noticiasmas.com.ar\/index.php\/wp-json\/wp\/v2\/comments?post=18194"}],"version-history":[{"count":1,"href":"https:\/\/www.noticiasmas.com.ar\/index.php\/wp-json\/wp\/v2\/posts\/18194\/revisions"}],"predecessor-version":[{"id":18196,"href":"https:\/\/www.noticiasmas.com.ar\/index.php\/wp-json\/wp\/v2\/posts\/18194\/revisions\/18196"}],"wp:featuredmedia":[{"embeddable":true,"href":"https:\/\/www.noticiasmas.com.ar\/index.php\/wp-json\/wp\/v2\/media\/18195"}],"wp:attachment":[{"href":"https:\/\/www.noticiasmas.com.ar\/index.php\/wp-json\/wp\/v2\/media?parent=18194"}],"wp:term":[{"taxonomy":"category","embeddable":true,"href":"https:\/\/www.noticiasmas.com.ar\/index.php\/wp-json\/wp\/v2\/categories?post=18194"},{"taxonomy":"post_tag","embeddable":true,"href":"https:\/\/www.noticiasmas.com.ar\/index.php\/wp-json\/wp\/v2\/tags?post=18194"}],"curies":[{"name":"wp","href":"https:\/\/api.w.org\/{rel}","templated":true}]}}