{"id":18211,"date":"2025-09-26T11:22:48","date_gmt":"2025-09-26T14:22:48","guid":{"rendered":"https:\/\/www.noticiasmas.com.ar\/?p=18211"},"modified":"2025-09-26T11:22:51","modified_gmt":"2025-09-26T14:22:51","slug":"este-viernes-paro-de-24-horas-de-judiciales-nacionales","status":"publish","type":"post","link":"https:\/\/www.noticiasmas.com.ar\/index.php\/2025\/09\/26\/este-viernes-paro-de-24-horas-de-judiciales-nacionales\/","title":{"rendered":"ESTE VIERNES PARO DE 24 HORAS DE JUDICIALES NACIONALES"},"content":{"rendered":"\n<p>La Uni\u00f3n de Empleados de la Justicia de la Naci\u00f3n (UEJN) ratific\u00f3 la convocatoria a un nuevo paro nacional de 24 horas para este viernes 26 de septiembre. La medida de fuerza responde a la insatisfacci\u00f3n con la \u00faltima recomposici\u00f3n salarial otorgada por la Corte Suprema de Justicia de la Naci\u00f3n (CSJN), del 1,9% para agosto, que no satisface el pedido de recomposici\u00f3n salarial adicional equivalente a la p\u00e9rdida del poder adquisitivo p\u00e9rdida durante el 2025 (2,9%).<\/p>\n\n\n\n<p>En Rosario afecta la atenci\u00f3n en los Tribunales Federales de calle Oro\u00f1o al 900 y Entre R\u00edos al 400 y otras dependencias judiciales del \u00e1mbito nacional. As\u00ed lo informaron desde la UEJN, regional Santa Fe que conduce Lisandro Casale<\/p>\n\n\n\n<p>El gremio que a nivel nacional conduce Julio Piumato indic\u00f3 que, a pesar de que la CSJN firm\u00f3 la acordada que otorga un 1,9% de aumento a agosto, este porcentaje es considerado insuficiente. La UEJN subraya que \u201cseguimos sin recuperar parte de lo perdido desde diciembre 2023\u201d, un reclamo que se mantiene firme en la agenda de la organizaci\u00f3n.<\/p>\n\n\n\n<p>Aniversario de la UEJN y confirmaci\u00f3n del paro<\/p>\n\n\n\n<p>La ratificaci\u00f3n del paro se produce en un marco especial, coincidiendo con el 54\u00ba aniversario de la Uni\u00f3n. En este contexto, Julio Piumato, ofreci\u00f3 declaraciones que combinan la conmemoraci\u00f3n hist\u00f3rica con la reafirmaci\u00f3n del compromiso de lucha del sindicato en la actualidad y ratific\u00f3 el paro de este viernes.<\/p>\n\n\n\n<p>Piumato destac\u00f3 la \u201chistoria corta, pero gloriosa\u201d de la organizaci\u00f3n, asegurando que la est\u00e1n homenajeando siendo \u201cleales a esta historia d\u00eda tras d\u00edas\u201d. Subray\u00f3 tambi\u00e9n el principio de solidaridad que gu\u00eda a la UEJN, haciendo eco de las palabras del Papa Francisco sobre la necesidad de los sindicatos de \u201cmirar m\u00e1s all\u00e1 de los muros y ver la realidad que est\u00e1n pasando los que m\u00e1s sufren.\u201d<\/p>\n","protected":false},"excerpt":{"rendered":"<p>La Uni\u00f3n de Empleados de la Justicia de la Naci\u00f3n (UEJN) ratific\u00f3 la convocatoria a un nuevo paro nacional de 24 horas para este viernes 26 de septiembre. La medida de fuerza responde a la insatisfacci\u00f3n con la \u00faltima recomposici\u00f3n salarial otorgada por la Corte Suprema de Justicia de la Naci\u00f3n (CSJN), del 1,9% para [&hellip;]<\/p>\n","protected":false},"author":5,"featured_media":15608,"comment_status":"closed","ping_status":"open","sticky":false,"template":"","format":"standard","meta":{"tdm_status":"","tdm_grid_status":"","footnotes":""},"categories":[1],"tags":[324,226,98,691],"class_list":{"0":"post-18211","1":"post","2":"type-post","3":"status-publish","4":"format-standard","5":"has-post-thumbnail","7":"category-nacionales","8":"tag-argentina","9":"tag-gremiales","10":"tag-judiciales","11":"tag-paro"},"_links":{"self":[{"href":"https:\/\/www.noticiasmas.com.ar\/index.php\/wp-json\/wp\/v2\/posts\/18211","targetHints":{"allow":["GET"]}}],"collection":[{"href":"https:\/\/www.noticiasmas.com.ar\/index.php\/wp-json\/wp\/v2\/posts"}],"about":[{"href":"https:\/\/www.noticiasmas.com.ar\/index.php\/wp-json\/wp\/v2\/types\/post"}],"author":[{"embeddable":true,"href":"https:\/\/www.noticiasmas.com.ar\/index.php\/wp-json\/wp\/v2\/users\/5"}],"replies":[{"embeddable":true,"href":"https:\/\/www.noticiasmas.com.ar\/index.php\/wp-json\/wp\/v2\/comments?post=18211"}],"version-history":[{"count":1,"href":"https:\/\/www.noticiasmas.com.ar\/index.php\/wp-json\/wp\/v2\/posts\/18211\/revisions"}],"predecessor-version":[{"id":18212,"href":"https:\/\/www.noticiasmas.com.ar\/index.php\/wp-json\/wp\/v2\/posts\/18211\/revisions\/18212"}],"wp:featuredmedia":[{"embeddable":true,"href":"https:\/\/www.noticiasmas.com.ar\/index.php\/wp-json\/wp\/v2\/media\/15608"}],"wp:attachment":[{"href":"https:\/\/www.noticiasmas.com.ar\/index.php\/wp-json\/wp\/v2\/media?parent=18211"}],"wp:term":[{"taxonomy":"category","embeddable":true,"href":"https:\/\/www.noticiasmas.com.ar\/index.php\/wp-json\/wp\/v2\/categories?post=18211"},{"taxonomy":"post_tag","embeddable":true,"href":"https:\/\/www.noticiasmas.com.ar\/index.php\/wp-json\/wp\/v2\/tags?post=18211"}],"curies":[{"name":"wp","href":"https:\/\/api.w.org\/{rel}","templated":true}]}}