{"id":18264,"date":"2025-09-30T08:38:51","date_gmt":"2025-09-30T11:38:51","guid":{"rendered":"https:\/\/www.noticiasmas.com.ar\/?p=18264"},"modified":"2025-09-30T08:38:54","modified_gmt":"2025-09-30T11:38:54","slug":"nuevo-caso-un-joven-cordobes-de-13-anos-de-edad-murio-de-muerte-subito","status":"publish","type":"post","link":"https:\/\/www.noticiasmas.com.ar\/index.php\/2025\/09\/30\/nuevo-caso-un-joven-cordobes-de-13-anos-de-edad-murio-de-muerte-subito\/","title":{"rendered":"Nuevo caso: Un joven cordob\u00e9s de 13 a\u00f1os de edad muri\u00f3 de muerte s\u00fabito"},"content":{"rendered":"\n<p>C\u00f3rdoba atraviesa una nueva tragedia con la muerte de Santino L\u00f3pez, un adolescente de 13 a\u00f1os de edad que sufri\u00f3 un episodio de muerte s\u00fabita mientras disputaba un partido de f\u00fatbol en el Club Social y Deportivo Sebasti\u00e1n Elcano. A pesar de los intentos por reanimarlo, el joven lleg\u00f3 sin vida al hospital local, lo que gener\u00f3 una profunda conmoci\u00f3n en la comunidad. El hecho ocurri\u00f3 durante un encuentro frente al club Ilusi\u00f3n del Norte, y Santino fue trasladado de urgencia por su madre y una enfermera.<\/p>\n\n\n\n<p>En redes sociales, la instituci\u00f3n cordobesa despidi\u00f3 al jugador recordando su pasi\u00f3n por el deporte, mientras otras entidades deportivas de la regi\u00f3n expresaron su solidaridad con la familia y los compa\u00f1eros de equipo. La fiscal Anal\u00eda Cepede qued\u00f3 a cargo de la investigaci\u00f3n.<\/p>\n\n\n\n<p>El caso se suma a una serie de muertes s\u00fabitas que golpearon a la provincia en el \u00faltimo mes y que mantienen en vilo a la sociedad. El 11 de septiembre falleci\u00f3 Amadeo Ruiz, tambi\u00e9n de 13 a\u00f1os, durante un entrenamiento en el Club Atl\u00e9tico San Lorenzo de Las Flores. D\u00edas despu\u00e9s, Facundo Arias Prieto perdi\u00f3 la vida en plena clase de educaci\u00f3n f\u00edsica en Villa Carlos Paz. Y el 18 de septiembre, Thian Toledo muri\u00f3 tras descompensarse mientras jugaba con amigos.<\/p>\n\n\n\n<p>La sucesi\u00f3n de episodios en tan corto tiempo profundiz\u00f3 la alarma y el dolor social en C\u00f3rdoba, donde la preocupaci\u00f3n por la salud de ni\u00f1os y adolescentes en el deporte se volvi\u00f3 un tema central en el debate p\u00fablico.<\/p>\n","protected":false},"excerpt":{"rendered":"<p>C\u00f3rdoba atraviesa una nueva tragedia con la muerte de Santino L\u00f3pez, un adolescente de 13 a\u00f1os de edad que sufri\u00f3 un episodio de muerte s\u00fabita mientras disputaba un partido de f\u00fatbol en el Club Social y Deportivo Sebasti\u00e1n Elcano. A pesar de los intentos por reanimarlo, el joven lleg\u00f3 sin vida al hospital local, lo [&hellip;]<\/p>\n","protected":false},"author":9,"featured_media":18265,"comment_status":"closed","ping_status":"open","sticky":false,"template":"","format":"standard","meta":{"tdm_status":"","tdm_grid_status":"","footnotes":""},"categories":[1],"tags":[976,2900,218],"class_list":{"0":"post-18264","1":"post","2":"type-post","3":"status-publish","4":"format-standard","5":"has-post-thumbnail","7":"category-nacionales","8":"tag-cordoba","9":"tag-muerte-subita","10":"tag-nacionales"},"_links":{"self":[{"href":"https:\/\/www.noticiasmas.com.ar\/index.php\/wp-json\/wp\/v2\/posts\/18264","targetHints":{"allow":["GET"]}}],"collection":[{"href":"https:\/\/www.noticiasmas.com.ar\/index.php\/wp-json\/wp\/v2\/posts"}],"about":[{"href":"https:\/\/www.noticiasmas.com.ar\/index.php\/wp-json\/wp\/v2\/types\/post"}],"author":[{"embeddable":true,"href":"https:\/\/www.noticiasmas.com.ar\/index.php\/wp-json\/wp\/v2\/users\/9"}],"replies":[{"embeddable":true,"href":"https:\/\/www.noticiasmas.com.ar\/index.php\/wp-json\/wp\/v2\/comments?post=18264"}],"version-history":[{"count":1,"href":"https:\/\/www.noticiasmas.com.ar\/index.php\/wp-json\/wp\/v2\/posts\/18264\/revisions"}],"predecessor-version":[{"id":18266,"href":"https:\/\/www.noticiasmas.com.ar\/index.php\/wp-json\/wp\/v2\/posts\/18264\/revisions\/18266"}],"wp:featuredmedia":[{"embeddable":true,"href":"https:\/\/www.noticiasmas.com.ar\/index.php\/wp-json\/wp\/v2\/media\/18265"}],"wp:attachment":[{"href":"https:\/\/www.noticiasmas.com.ar\/index.php\/wp-json\/wp\/v2\/media?parent=18264"}],"wp:term":[{"taxonomy":"category","embeddable":true,"href":"https:\/\/www.noticiasmas.com.ar\/index.php\/wp-json\/wp\/v2\/categories?post=18264"},{"taxonomy":"post_tag","embeddable":true,"href":"https:\/\/www.noticiasmas.com.ar\/index.php\/wp-json\/wp\/v2\/tags?post=18264"}],"curies":[{"name":"wp","href":"https:\/\/api.w.org\/{rel}","templated":true}]}}