{"id":18301,"date":"2025-10-01T10:45:32","date_gmt":"2025-10-01T13:45:32","guid":{"rendered":"https:\/\/www.noticiasmas.com.ar\/?p=18301"},"modified":"2025-10-01T10:45:35","modified_gmt":"2025-10-01T13:45:35","slug":"amsafe-ratifico-la-continuidad-del-plan-de-lucha-docente-en-el-marco-de-la-paritaria","status":"publish","type":"post","link":"https:\/\/www.noticiasmas.com.ar\/index.php\/2025\/10\/01\/amsafe-ratifico-la-continuidad-del-plan-de-lucha-docente-en-el-marco-de-la-paritaria\/","title":{"rendered":"AMSAFE ratific\u00f3 la continuidad del plan de lucha docente en el marco de la paritaria"},"content":{"rendered":"\n<p>La Asociaci\u00f3n del Magisterio de Santa Fe (AMSAFE) llev\u00f3 adelante un Plenario de Delegados en la sede sindical, con la participaci\u00f3n de representantes de las 19 delegaciones seccionales de la provincia. La reuni\u00f3n fue encabezada por el secretario general Rodrigo Alonso y miembros de la Comisi\u00f3n Directiva Provincial.<\/p>\n\n\n\n<p>Durante el encuentro, se analiz\u00f3 la situaci\u00f3n que atraviesan las y los trabajadores de la educaci\u00f3n en el marco de la crisis econ\u00f3mica nacional y provincial. Tras el debate, se resolvi\u00f3 dar continuidad al plan de lucha definido por la Asamblea Provincial y promover acciones locales en escuelas y comunidades.<\/p>\n\n\n\n<p>Adem\u00e1s, AMSAFE confirm\u00f3 su adhesi\u00f3n a las medidas convocadas por la Confederaci\u00f3n de Trabajadores de la Educaci\u00f3n de la Rep\u00fablica Argentina (CTERA), que incluyen nuevas acciones de visibilizaci\u00f3n y un Paro Nacional Docente previsto a partir del 6 de octubre, a coordinar junto a otras organizaciones sindicales.<\/p>\n\n\n\n<p>Los principales reclamos de la docencia santafesina se centran en un aumento salarial que permita recuperar el poder adquisitivo, la recomposici\u00f3n de la deuda paritaria 2023, la restituci\u00f3n del Fondo Nacional de Incentivo Docente (FONID), mayor financiamiento educativo, la defensa del r\u00e9gimen jubilatorio y mejores condiciones de trabajo.<\/p>\n\n\n\n<p>En ese marco, la conducci\u00f3n gremial ratific\u00f3 el estado de alerta, movilizaci\u00f3n y asamblea permanente. \u201cFrente a las pol\u00edticas de ajuste y la falta de respuestas de los gobiernos, reafirmamos la lucha por salarios justos, jubilaciones dignas y la defensa de la escuela p\u00fablica como derecho social\u201d, manifestaron desde AMSAFE.<\/p>\n","protected":false},"excerpt":{"rendered":"<p>La Asociaci\u00f3n del Magisterio de Santa Fe (AMSAFE) llev\u00f3 adelante un Plenario de Delegados en la sede sindical, con la participaci\u00f3n de representantes de las 19 delegaciones seccionales de la provincia. La reuni\u00f3n fue encabezada por el secretario general Rodrigo Alonso y miembros de la Comisi\u00f3n Directiva Provincial. Durante el encuentro, se analiz\u00f3 la situaci\u00f3n [&hellip;]<\/p>\n","protected":false},"author":9,"featured_media":18302,"comment_status":"closed","ping_status":"open","sticky":false,"template":"","format":"standard","meta":{"tdm_status":"","tdm_grid_status":"","footnotes":""},"categories":[14],"tags":[800,798,3125],"class_list":{"0":"post-18301","1":"post","2":"type-post","3":"status-publish","4":"format-standard","5":"has-post-thumbnail","7":"category-provinciales","8":"tag-amsafe","9":"tag-docentes","10":"tag-educacion-publica"},"_links":{"self":[{"href":"https:\/\/www.noticiasmas.com.ar\/index.php\/wp-json\/wp\/v2\/posts\/18301","targetHints":{"allow":["GET"]}}],"collection":[{"href":"https:\/\/www.noticiasmas.com.ar\/index.php\/wp-json\/wp\/v2\/posts"}],"about":[{"href":"https:\/\/www.noticiasmas.com.ar\/index.php\/wp-json\/wp\/v2\/types\/post"}],"author":[{"embeddable":true,"href":"https:\/\/www.noticiasmas.com.ar\/index.php\/wp-json\/wp\/v2\/users\/9"}],"replies":[{"embeddable":true,"href":"https:\/\/www.noticiasmas.com.ar\/index.php\/wp-json\/wp\/v2\/comments?post=18301"}],"version-history":[{"count":1,"href":"https:\/\/www.noticiasmas.com.ar\/index.php\/wp-json\/wp\/v2\/posts\/18301\/revisions"}],"predecessor-version":[{"id":18303,"href":"https:\/\/www.noticiasmas.com.ar\/index.php\/wp-json\/wp\/v2\/posts\/18301\/revisions\/18303"}],"wp:featuredmedia":[{"embeddable":true,"href":"https:\/\/www.noticiasmas.com.ar\/index.php\/wp-json\/wp\/v2\/media\/18302"}],"wp:attachment":[{"href":"https:\/\/www.noticiasmas.com.ar\/index.php\/wp-json\/wp\/v2\/media?parent=18301"}],"wp:term":[{"taxonomy":"category","embeddable":true,"href":"https:\/\/www.noticiasmas.com.ar\/index.php\/wp-json\/wp\/v2\/categories?post=18301"},{"taxonomy":"post_tag","embeddable":true,"href":"https:\/\/www.noticiasmas.com.ar\/index.php\/wp-json\/wp\/v2\/tags?post=18301"}],"curies":[{"name":"wp","href":"https:\/\/api.w.org\/{rel}","templated":true}]}}