{"id":18304,"date":"2025-10-01T10:54:27","date_gmt":"2025-10-01T13:54:27","guid":{"rendered":"https:\/\/www.noticiasmas.com.ar\/?p=18304"},"modified":"2025-10-01T10:54:31","modified_gmt":"2025-10-01T13:54:31","slug":"vias-rotas-suspenden-los-trenes-hacia-tucuman-y-santiago-del-estero","status":"publish","type":"post","link":"https:\/\/www.noticiasmas.com.ar\/index.php\/2025\/10\/01\/vias-rotas-suspenden-los-trenes-hacia-tucuman-y-santiago-del-estero\/","title":{"rendered":"v\u00edas rotas: suspenden los trenes hacia tucum\u00e1n y santiago del estero"},"content":{"rendered":"\n<p>Los servicios de trenes de larga distancia Buenos Aires-Tucum\u00e1n y Buenos Aires-C\u00f3rdoba, que tienen como escala la ciudad de Rosario, fueron suspendidos de manera tras detectarse fallas en las v\u00edas, un socav\u00f3n en la provincia de Santiago del Estero.<\/p>\n\n\n\n<p>A ra\u00edz de ello, la concesionaria Nuevo Central argentino (NCA) solicit\u00f3 realizar un relevamiento en el lugar, \u201chasta tanto no se termine ese trabajo los servicios permanecer\u00e1n interrumpidos\u201d.<\/p>\n\n\n\n<p>En territorio santiague\u00f1o se produjo un descalce, como as\u00ed tambi\u00e9n un socav\u00f3n en la zona, que impide el normal desplazamiento de las formaciones, seg\u00fan afirmaron desde NCA.<\/p>\n\n\n\n<p>En consecuencia, quedaron interrumpidos los servicios hacia esos destinos, que salen de Retiro y pasan por Rosario, hasta tanto se corrijan las fallas detectadas en las v\u00edas durante las \u00faltimas horas.<\/p>\n\n\n\n<p>Frecuencias<\/p>\n\n\n\n<p>Los trenes hacia C\u00f3rdoba funcionan dos veces por semana: los jueves y domingos a las 15.45, y desde C\u00f3rdoba part\u00edan los martes a las 17 y viernes a las 21.13. Por su parte, los servicios a Tucum\u00e1n salen desde Retiro los mi\u00e9rcoles y domingos a las 21.10, y regresan desde la capital tucumana los martes y viernes a las 21.30.<\/p>\n","protected":false},"excerpt":{"rendered":"<p>Los servicios de trenes de larga distancia Buenos Aires-Tucum\u00e1n y Buenos Aires-C\u00f3rdoba, que tienen como escala la ciudad de Rosario, fueron suspendidos de manera tras detectarse fallas en las v\u00edas, un socav\u00f3n en la provincia de Santiago del Estero. A ra\u00edz de ello, la concesionaria Nuevo Central argentino (NCA) solicit\u00f3 realizar un relevamiento en el [&hellip;]<\/p>\n","protected":false},"author":8,"featured_media":18306,"comment_status":"closed","ping_status":"open","sticky":false,"template":"","format":"standard","meta":{"tdm_status":"","tdm_grid_status":"","footnotes":""},"categories":[13],"tags":[5543,4214,5073,30],"class_list":{"0":"post-18304","1":"post","2":"type-post","3":"status-publish","4":"format-standard","5":"has-post-thumbnail","7":"category-region","8":"tag-frecuencias","9":"tag-nca","10":"tag-suspension","11":"tag-tren"},"_links":{"self":[{"href":"https:\/\/www.noticiasmas.com.ar\/index.php\/wp-json\/wp\/v2\/posts\/18304","targetHints":{"allow":["GET"]}}],"collection":[{"href":"https:\/\/www.noticiasmas.com.ar\/index.php\/wp-json\/wp\/v2\/posts"}],"about":[{"href":"https:\/\/www.noticiasmas.com.ar\/index.php\/wp-json\/wp\/v2\/types\/post"}],"author":[{"embeddable":true,"href":"https:\/\/www.noticiasmas.com.ar\/index.php\/wp-json\/wp\/v2\/users\/8"}],"replies":[{"embeddable":true,"href":"https:\/\/www.noticiasmas.com.ar\/index.php\/wp-json\/wp\/v2\/comments?post=18304"}],"version-history":[{"count":1,"href":"https:\/\/www.noticiasmas.com.ar\/index.php\/wp-json\/wp\/v2\/posts\/18304\/revisions"}],"predecessor-version":[{"id":18307,"href":"https:\/\/www.noticiasmas.com.ar\/index.php\/wp-json\/wp\/v2\/posts\/18304\/revisions\/18307"}],"wp:featuredmedia":[{"embeddable":true,"href":"https:\/\/www.noticiasmas.com.ar\/index.php\/wp-json\/wp\/v2\/media\/18306"}],"wp:attachment":[{"href":"https:\/\/www.noticiasmas.com.ar\/index.php\/wp-json\/wp\/v2\/media?parent=18304"}],"wp:term":[{"taxonomy":"category","embeddable":true,"href":"https:\/\/www.noticiasmas.com.ar\/index.php\/wp-json\/wp\/v2\/categories?post=18304"},{"taxonomy":"post_tag","embeddable":true,"href":"https:\/\/www.noticiasmas.com.ar\/index.php\/wp-json\/wp\/v2\/tags?post=18304"}],"curies":[{"name":"wp","href":"https:\/\/api.w.org\/{rel}","templated":true}]}}