{"id":18331,"date":"2025-10-02T10:17:43","date_gmt":"2025-10-02T13:17:43","guid":{"rendered":"https:\/\/www.noticiasmas.com.ar\/?p=18331"},"modified":"2025-10-02T10:18:25","modified_gmt":"2025-10-02T13:18:25","slug":"jueves-de-paro-docente-de-la-unr-contra-el-veto-al-financiamiento-universitario","status":"publish","type":"post","link":"https:\/\/www.noticiasmas.com.ar\/index.php\/2025\/10\/02\/jueves-de-paro-docente-de-la-unr-contra-el-veto-al-financiamiento-universitario\/","title":{"rendered":"Jueves de paro docente de la UNR contra el veto al financiamiento universitario"},"content":{"rendered":"\n<p>Bajo la consigna \u201c\u00a1No al veto a la ley de financiamiento universitario!\u201d los docentes e investigadores de la Universidad Nacional de Rosario (UNR) nucleados en la Coad lanzaron un paro de 24 horas para este jueves 2 de octubre, para acompa\u00f1ar el tratamiento en el Senado del veto presidencial a la norma que garantiza fondos para las universidades.<\/p>\n\n\n\n<p>\u201cLa universidad p\u00fablica y gratuita es una conquista y un derecho de todo el pueblo argentino, \u00a1rechacen el veto de Milei!\u201d, se\u00f1alaron desde el gremio docente en sus redes sociales. La medida ser\u00e1 acompa\u00f1ada por una concentraci\u00f3n a las 11 en la plaza San Mart\u00edn, de C\u00f3rdoba y Dorrego.<\/p>\n\n\n\n<p>Federico Gayoso, secretario general de la Coad, destac\u00f3 que el paro fue votado por el 88% de la docencia universitaria. Una huelga que incluir\u00e1 una concentraci\u00f3n desde las 11 en la plaza San Mart\u00edn para seguir la sesi\u00f3n en vivo del Senado.<\/p>\n\n\n\n<p>\u201cEl jueves es muy probable que se derrumbe el veto de Milei, pero la lucha va a continuar, porque el gobierno no va a ejecutar las partidas presupuestarias necesarias, como ya lo viene anunciando\u201d, anticip\u00f3.<\/p>\n\n\n\n<p>A mediados de septiembre la C\u00e1mara de Diputados rechaz\u00f3 por una aplastante mayor\u00eda el veto presidencial a la ley de financiamiento universitario, con 174 apoyos, 67 rechazos y dos abstenciones. La ley propone garantizar la protecci\u00f3n y el sostenimiento del financiamiento de las universidades nacionales en todo el pa\u00eds. Este jueves ser\u00e1 el turno del Senado, que en caso de rechazar el veto ratificar\u00e1 la vigencia de la ley.<\/p>\n","protected":false},"excerpt":{"rendered":"<p>Bajo la consigna \u201c\u00a1No al veto a la ley de financiamiento universitario!\u201d los docentes e investigadores de la Universidad Nacional de Rosario (UNR) nucleados en la Coad lanzaron un paro de 24 horas para este jueves 2 de octubre, para acompa\u00f1ar el tratamiento en el Senado del veto presidencial a la norma que garantiza fondos [&hellip;]<\/p>\n","protected":false},"author":8,"featured_media":18332,"comment_status":"closed","ping_status":"open","sticky":false,"template":"","format":"standard","meta":{"tdm_status":"","tdm_grid_status":"","footnotes":""},"categories":[8],"tags":[2072,930,691,546],"class_list":{"0":"post-18331","1":"post","2":"type-post","3":"status-publish","4":"format-standard","5":"has-post-thumbnail","7":"category-politica","8":"tag-coad","9":"tag-financiamiento","10":"tag-paro","11":"tag-unr"},"_links":{"self":[{"href":"https:\/\/www.noticiasmas.com.ar\/index.php\/wp-json\/wp\/v2\/posts\/18331","targetHints":{"allow":["GET"]}}],"collection":[{"href":"https:\/\/www.noticiasmas.com.ar\/index.php\/wp-json\/wp\/v2\/posts"}],"about":[{"href":"https:\/\/www.noticiasmas.com.ar\/index.php\/wp-json\/wp\/v2\/types\/post"}],"author":[{"embeddable":true,"href":"https:\/\/www.noticiasmas.com.ar\/index.php\/wp-json\/wp\/v2\/users\/8"}],"replies":[{"embeddable":true,"href":"https:\/\/www.noticiasmas.com.ar\/index.php\/wp-json\/wp\/v2\/comments?post=18331"}],"version-history":[{"count":1,"href":"https:\/\/www.noticiasmas.com.ar\/index.php\/wp-json\/wp\/v2\/posts\/18331\/revisions"}],"predecessor-version":[{"id":18335,"href":"https:\/\/www.noticiasmas.com.ar\/index.php\/wp-json\/wp\/v2\/posts\/18331\/revisions\/18335"}],"wp:featuredmedia":[{"embeddable":true,"href":"https:\/\/www.noticiasmas.com.ar\/index.php\/wp-json\/wp\/v2\/media\/18332"}],"wp:attachment":[{"href":"https:\/\/www.noticiasmas.com.ar\/index.php\/wp-json\/wp\/v2\/media?parent=18331"}],"wp:term":[{"taxonomy":"category","embeddable":true,"href":"https:\/\/www.noticiasmas.com.ar\/index.php\/wp-json\/wp\/v2\/categories?post=18331"},{"taxonomy":"post_tag","embeddable":true,"href":"https:\/\/www.noticiasmas.com.ar\/index.php\/wp-json\/wp\/v2\/tags?post=18331"}],"curies":[{"name":"wp","href":"https:\/\/api.w.org\/{rel}","templated":true}]}}