{"id":18364,"date":"2025-10-02T19:21:24","date_gmt":"2025-10-02T22:21:24","guid":{"rendered":"https:\/\/www.noticiasmas.com.ar\/?p=18364"},"modified":"2025-10-02T19:21:27","modified_gmt":"2025-10-02T22:21:27","slug":"el-ecocanje-en-tu-barrio-debuto-en-jose-hernandez-con-gran-respuesta-de-los-vecinos","status":"publish","type":"post","link":"https:\/\/www.noticiasmas.com.ar\/index.php\/2025\/10\/02\/el-ecocanje-en-tu-barrio-debuto-en-jose-hernandez-con-gran-respuesta-de-los-vecinos\/","title":{"rendered":"El \u201cEcocanje en tu barrio\u201d debut\u00f3 en Jos\u00e9 Hern\u00e1ndez con gran respuesta de los vecinos"},"content":{"rendered":"\n<p><strong>La primera jornada del programa tuvo lugar este mi\u00e9rcoles en la vecinal del barrio. Se recolectaron pl\u00e1sticos, vidrio, cart\u00f3n, papel, aluminio y tetrabrik, que ser\u00e1n enviados a plantas recicladoras para su recuperaci\u00f3n. La iniciativa se enmarca en el plan integral San Lorenzo Recicla y continuar\u00e1 cada dos semanas en distintos puntos de la ciudad.<\/strong><\/p>\n\n\n\n<p>Con muy buenos resultados se desarroll\u00f3 este mi\u00e9rcoles en la vecinal de barrio Jos\u00e9 Hern\u00e1ndez la primera jornada del programa \u201cEcocanje en tu barrio\u201d, impulsado por la Secretar\u00eda de Salud y Preservaci\u00f3n del Medio Ambiente de la Municipalidad de San Lorenzo. La actividad se enmarca en el plan integral San Lorenzo Recicla, que adem\u00e1s contempla el procesamiento y la correcta disposici\u00f3n final de pilas y aceite.<\/p>\n\n\n\n<p>Durante la ma\u00f1ana los vecinos acercaron botellas y tapitas pl\u00e1sticas, vidrio, cart\u00f3n, papel, envases de aluminio y tetrabrik, a cambio de diferentes obsequios, como plantines, semillas, l\u00e1pices plantables y cepillos de dientes biodegradables.<\/p>\n\n\n\n<p>Todo el material ser\u00e1 trasladado a una planta recicladora de la localidad de Totoras, que convertir\u00e1 el pl\u00e1stico en objetos \u00fatiles, como palas y baldes. El cart\u00f3n se reciclar\u00e1 como papel, el vidrio ir\u00e1 a una embotelladora y el metal se destinar\u00e1 a fundici\u00f3n.<\/p>\n\n\n\n<p>El Ecocanje tiene como objetivos recuperar residuos, premiar a quienes separan sus desechos y generar conciencia ecol\u00f3gica en toda la comunidad. La iniciativa continuar\u00e1 cada dos semanas en distintos barrios de la ciudad, para que m\u00e1s sanlorencinos puedan sumarse a esta propuesta sustentable.<\/p>\n\n\n\n<p><strong>Cronograma (siempre de 10 a 12 h)<\/strong><\/p>\n\n\n\n<p>15\/10 \u2013 Barrio San Mart\u00edn (Vecinal, D. Porteau 246)<br>29\/10 \u2013 Barrio D\u00edaz V\u00e9lez (Plaza de las Am\u00e9ricas, Av. San Mart\u00edn y Eva Per\u00f3n)<br>12\/11 \u2013 Barrio Bouchard (Vecinal, Gurel 850)<br>26\/11 \u2013 Barrio 1\u00b0 de Julio (Plaza Otero, Sargento Cabral y Catamarca)<br>10\/12 \u2013 Barrio Fonavi Oeste (Plaza Mortarotti, Hugo del Carril y C. Escalada)<br>17\/12 \u2013 Barrio Del Combate (Plaza Pulm\u00f3n Verde, S. Cabral y S. del Estero)<\/p>\n","protected":false},"excerpt":{"rendered":"<p>La primera jornada del programa tuvo lugar este mi\u00e9rcoles en la vecinal del barrio. Se recolectaron pl\u00e1sticos, vidrio, cart\u00f3n, papel, aluminio y tetrabrik, que ser\u00e1n enviados a plantas recicladoras para su recuperaci\u00f3n. La iniciativa se enmarca en el plan integral San Lorenzo Recicla y continuar\u00e1 cada dos semanas en distintos puntos de la ciudad. Con [&hellip;]<\/p>\n","protected":false},"author":5,"featured_media":18365,"comment_status":"closed","ping_status":"open","sticky":false,"template":"","format":"standard","meta":{"tdm_status":"","tdm_grid_status":"","footnotes":""},"categories":[13],"tags":[5561,5033,58,5562],"class_list":{"0":"post-18364","1":"post","2":"type-post","3":"status-publish","4":"format-standard","5":"has-post-thumbnail","7":"category-region","8":"tag-bo-jose-hernandez","9":"tag-eco-canje","10":"tag-san-lorenzo","11":"tag-san-lorenzo-recicla"},"_links":{"self":[{"href":"https:\/\/www.noticiasmas.com.ar\/index.php\/wp-json\/wp\/v2\/posts\/18364","targetHints":{"allow":["GET"]}}],"collection":[{"href":"https:\/\/www.noticiasmas.com.ar\/index.php\/wp-json\/wp\/v2\/posts"}],"about":[{"href":"https:\/\/www.noticiasmas.com.ar\/index.php\/wp-json\/wp\/v2\/types\/post"}],"author":[{"embeddable":true,"href":"https:\/\/www.noticiasmas.com.ar\/index.php\/wp-json\/wp\/v2\/users\/5"}],"replies":[{"embeddable":true,"href":"https:\/\/www.noticiasmas.com.ar\/index.php\/wp-json\/wp\/v2\/comments?post=18364"}],"version-history":[{"count":1,"href":"https:\/\/www.noticiasmas.com.ar\/index.php\/wp-json\/wp\/v2\/posts\/18364\/revisions"}],"predecessor-version":[{"id":18366,"href":"https:\/\/www.noticiasmas.com.ar\/index.php\/wp-json\/wp\/v2\/posts\/18364\/revisions\/18366"}],"wp:featuredmedia":[{"embeddable":true,"href":"https:\/\/www.noticiasmas.com.ar\/index.php\/wp-json\/wp\/v2\/media\/18365"}],"wp:attachment":[{"href":"https:\/\/www.noticiasmas.com.ar\/index.php\/wp-json\/wp\/v2\/media?parent=18364"}],"wp:term":[{"taxonomy":"category","embeddable":true,"href":"https:\/\/www.noticiasmas.com.ar\/index.php\/wp-json\/wp\/v2\/categories?post=18364"},{"taxonomy":"post_tag","embeddable":true,"href":"https:\/\/www.noticiasmas.com.ar\/index.php\/wp-json\/wp\/v2\/tags?post=18364"}],"curies":[{"name":"wp","href":"https:\/\/api.w.org\/{rel}","templated":true}]}}